{"id":41344,"date":"2021-10-29T06:13:57","date_gmt":"2021-10-29T05:13:57","guid":{"rendered":"https:\/\/rna.ao\/rna.ao\/?p=41344"},"modified":"2021-10-29T06:39:42","modified_gmt":"2021-10-29T05:39:42","slug":"andebol-perolas-dao-inicio-ao-novo-ciclo-de-preparacao-para-o-mundial-de-espanha","status":"publish","type":"post","link":"https:\/\/rna.ao\/rna.ao\/2021\/10\/29\/andebol-perolas-dao-inicio-ao-novo-ciclo-de-preparacao-para-o-mundial-de-espanha\/","title":{"rendered":"Andebol: P\u00e9rolas d\u00e3o in\u00edcio ao novo ciclo de prepara\u00e7\u00e3o para o mundial de Espanha"},"content":{"rendered":"<p><img loading=\"lazy\" class=\"size-full wp-image-24599 alignleft\" src=\"https:\/\/rna.ao\/rna.ao\/wp-content\/uploads\/2021\/05\/Selecao-angolana-feminina-de-Andebol.png\" alt=\"\" width=\"307\" height=\"247\" \/>A sele\u00e7\u00e3o angolana s\u00e9nior feminina de andebol, &#8220;P\u00e9rolas&#8221;, deram inicio na quinta-feira, 28 de Outubro, ao novo ciclo de prepara\u00e7\u00e3o para o mundial do Reino de Espanha. As P\u00e9rolas v\u00e3o prosseguir com os trabalhos de prepara\u00e7\u00e3o at\u00e9 ao dia 9 de Setembro, dia do embarque para a Rom\u00e9nia, o palco da segunda etapa de prepara\u00e7\u00e3o para o Mundial de Espanha. Clique no \u00e1udio abaixo, e saiba mais na reportagem do Bob C\u00e9sar:<\/p>\n\t<div class=\"qtmplayer-playlist-large\">\n\t\t<ul class=\"qtmplayer-playlist\">\n\t\t\t\n\t\t\t\t\t<li class=\"qtmplayer-trackitem\">\n\t\t<img src=\"https:\/\/rna.ao\/rna.ao\/wp-content\/uploads\/2021\/03\/Filipe-Cruz-100x100.jpg\" alt=\"cover\">\t\t<span \t\t\tdata-qtmplayer-cover=\"https:\/\/rna.ao\/rna.ao\/wp-content\/uploads\/2021\/03\/Filipe-Cruz.jpg\"\n\t\t\t\t\t\tdata-qtmplayer-file=\"https:\/\/rna.ao\/rna.ao\/wp-content\/uploads\/2021\/10\/20H30-6-BOB-CESAR-28-10-21.mp3\"\n\t\t\t\t\t\tdata-qtmplayer-title=\"Andebol: P\u00e9rolas d\u00e3o in\u00edcio ao novo ciclo de prepara\u00e7\u00e3o para o mundial de Espanha\"\n\t\t\t\t\t\tdata-qtmplayer-artist=\"RNA\"\n\t\t\t\t\t\tdata-qtmplayer-link=\"https:\/\/rna.ao\/rna.ao\/2021\/10\/29\/andebol-perolas-dao-inicio-ao-novo-ciclo-de-preparacao-para-o-mundial-de-espanha\/\"\n\t\t\t\t\t\tdata-qtmplayer-icon=\"file_download\"\n\t\t\t\t\t\tdata-qtmplayer-type=\"track\"\n\t\t\t class=\"qtmplayer-play qtmplayer-link-sec qtmplayer-play-btn\"><i class='material-icons'>play_arrow<\/i><\/span>\n\t\t<p>\n\t\t\t<span class=\"qtmplayer-tit\">Andebol: P\u00e9rolas d\u00e3o in\u00edcio ao novo ciclo de prepara\u00e7\u00e3o para o mundial de Espanha<\/span>\n\t\t\t<span class=\"qtmplayer-art\">RNA<\/span>\n\t\t<\/p>\n\t<\/li>\n\t\t<\/ul>\n\t<\/div>\t\t\t\n\t\n<p>Fonte: R\u00e1dio 5\/RNA<\/p>\n","protected":false},"excerpt":{"rendered":"<p>A sele\u00e7\u00e3o angolana s\u00e9nior feminina de andebol, &#8220;P\u00e9rolas&#8221;, deram inicio na quinta-feira, 28 de Outubro, ao novo ciclo de prepara\u00e7\u00e3o para o mundial do Reino de Espanha. As P\u00e9rolas v\u00e3o prosseguir com os trabalhos de prepara\u00e7\u00e3o at\u00e9 ao dia 9 de Setembro, dia do embarque para a Rom\u00e9nia, o palco ...<\/p>\n","protected":false},"author":8,"featured_media":19121,"comment_status":"closed","ping_status":"closed","sticky":false,"template":"","format":"standard","meta":[],"categories":[145,125,164],"tags":[],"_links":{"self":[{"href":"https:\/\/rna.ao\/rna.ao\/wp-json\/wp\/v2\/posts\/41344"}],"collection":[{"href":"https:\/\/rna.ao\/rna.ao\/wp-json\/wp\/v2\/posts"}],"about":[{"href":"https:\/\/rna.ao\/rna.ao\/wp-json\/wp\/v2\/types\/post"}],"author":[{"embeddable":true,"href":"https:\/\/rna.ao\/rna.ao\/wp-json\/wp\/v2\/users\/8"}],"replies":[{"embeddable":true,"href":"https:\/\/rna.ao\/rna.ao\/wp-json\/wp\/v2\/comments?post=41344"}],"version-history":[{"count":1,"href":"https:\/\/rna.ao\/rna.ao\/wp-json\/wp\/v2\/posts\/41344\/revisions"}],"predecessor-version":[{"id":41349,"href":"https:\/\/rna.ao\/rna.ao\/wp-json\/wp\/v2\/posts\/41344\/revisions\/41349"}],"wp:featuredmedia":[{"embeddable":true,"href":"https:\/\/rna.ao\/rna.ao\/wp-json\/wp\/v2\/media\/19121"}],"wp:attachment":[{"href":"https:\/\/rna.ao\/rna.ao\/wp-json\/wp\/v2\/media?parent=41344"}],"wp:term":[{"taxonomy":"category","embeddable":true,"href":"https:\/\/rna.ao\/rna.ao\/wp-json\/wp\/v2\/categories?post=41344"},{"taxonomy":"post_tag","embeddable":true,"href":"https:\/\/rna.ao\/rna.ao\/wp-json\/wp\/v2\/tags?post=41344"}],"curies":[{"name":"wp","href":"https:\/\/api.w.org\/{rel}","templated":true}]}}