{"id":41343,"date":"2021-10-29T06:14:42","date_gmt":"2021-10-29T05:14:42","guid":{"rendered":"https:\/\/rna.ao\/rna.ao\/?p=41343"},"modified":"2021-10-29T07:54:13","modified_gmt":"2021-10-29T06:54:13","slug":"atletismo-sao-silvestre-regressa-com-cariz-internacional","status":"publish","type":"post","link":"https:\/\/rna.ao\/rna.ao\/2021\/10\/29\/atletismo-sao-silvestre-regressa-com-cariz-internacional\/","title":{"rendered":"Atletismo: S\u00e3o Silvestre regressa com cariz internacional"},"content":{"rendered":"<p><img loading=\"lazy\" class=\"size-full wp-image-41347 alignleft\" src=\"https:\/\/rna.ao\/rna.ao\/wp-content\/uploads\/2021\/10\/Sao-Silvestre-1.jpg\" alt=\"\" width=\"288\" height=\"192\" \/>Foi apresentada na quinta-feira, 28 de Outubro, a edi\u00e7\u00e3o 2021 da S\u00e3o Silvestre, a \u00faltima prova de atletismo pedestre, que sai \u00e0s ruas da capital Luanda, no dia 31 de Dezembro. A prova ter\u00e1, novamente, formato internacional. Clique, no \u00e1udio abaixo, e saiba mais na reportagem do Augusto Arismendes:<\/p>\n\t<div class=\"qtmplayer-playlist-large\">\n\t\t<ul class=\"qtmplayer-playlist\">\n\t\t\t\n\t\t\t\t\t<li class=\"qtmplayer-trackitem\">\n\t\t<img src=\"https:\/\/rna.ao\/rna.ao\/wp-content\/uploads\/2021\/10\/Sao-Silvestre-1-100x100.jpg\" alt=\"cover\">\t\t<span \t\t\tdata-qtmplayer-cover=\"https:\/\/rna.ao\/rna.ao\/wp-content\/uploads\/2021\/10\/Sao-Silvestre-1.jpg\"\n\t\t\t\t\t\tdata-qtmplayer-file=\"https:\/\/rna.ao\/rna.ao\/wp-content\/uploads\/2021\/10\/20H30-1-AUGUSTO-ARESMENDES-28-10-21.mp3\"\n\t\t\t\t\t\tdata-qtmplayer-title=\"Atletismo: S\u00e3o Silvestre regressa com cariz internacional\"\n\t\t\t\t\t\tdata-qtmplayer-artist=\"RNA\"\n\t\t\t\t\t\tdata-qtmplayer-link=\"https:\/\/rna.ao\/rna.ao\/2021\/10\/29\/atletismo-sao-silvestre-regressa-com-cariz-internacional\/\"\n\t\t\t\t\t\tdata-qtmplayer-icon=\"file_download\"\n\t\t\t\t\t\tdata-qtmplayer-type=\"track\"\n\t\t\t class=\"qtmplayer-play qtmplayer-link-sec qtmplayer-play-btn\"><i class='material-icons'>play_arrow<\/i><\/span>\n\t\t<p>\n\t\t\t<span class=\"qtmplayer-tit\">Atletismo: S\u00e3o Silvestre regressa com cariz internacional<\/span>\n\t\t\t<span class=\"qtmplayer-art\">RNA<\/span>\n\t\t<\/p>\n\t<\/li>\n\t\t<\/ul>\n\t<\/div>\t\t\t\n\t\n<p>Fonte: R\u00e1dio 5\/RNA<\/p>\n","protected":false},"excerpt":{"rendered":"<p>Foi apresentada na quinta-feira, 28 de Outubro, a edi\u00e7\u00e3o 2021 da S\u00e3o Silvestre, a \u00faltima prova de atletismo pedestre, que sai \u00e0s ruas da capital Luanda, no dia 31 de Dezembro. A prova ter\u00e1, novamente, formato internacional. Clique, no \u00e1udio abaixo, e saiba mais na reportagem do Augusto Arismendes: Fonte: ...<\/p>\n","protected":false},"author":8,"featured_media":41347,"comment_status":"closed","ping_status":"closed","sticky":false,"template":"","format":"standard","meta":[],"categories":[145,125,164],"tags":[],"_links":{"self":[{"href":"https:\/\/rna.ao\/rna.ao\/wp-json\/wp\/v2\/posts\/41343"}],"collection":[{"href":"https:\/\/rna.ao\/rna.ao\/wp-json\/wp\/v2\/posts"}],"about":[{"href":"https:\/\/rna.ao\/rna.ao\/wp-json\/wp\/v2\/types\/post"}],"author":[{"embeddable":true,"href":"https:\/\/rna.ao\/rna.ao\/wp-json\/wp\/v2\/users\/8"}],"replies":[{"embeddable":true,"href":"https:\/\/rna.ao\/rna.ao\/wp-json\/wp\/v2\/comments?post=41343"}],"version-history":[{"count":2,"href":"https:\/\/rna.ao\/rna.ao\/wp-json\/wp\/v2\/posts\/41343\/revisions"}],"predecessor-version":[{"id":41378,"href":"https:\/\/rna.ao\/rna.ao\/wp-json\/wp\/v2\/posts\/41343\/revisions\/41378"}],"wp:featuredmedia":[{"embeddable":true,"href":"https:\/\/rna.ao\/rna.ao\/wp-json\/wp\/v2\/media\/41347"}],"wp:attachment":[{"href":"https:\/\/rna.ao\/rna.ao\/wp-json\/wp\/v2\/media?parent=41343"}],"wp:term":[{"taxonomy":"category","embeddable":true,"href":"https:\/\/rna.ao\/rna.ao\/wp-json\/wp\/v2\/categories?post=41343"},{"taxonomy":"post_tag","embeddable":true,"href":"https:\/\/rna.ao\/rna.ao\/wp-json\/wp\/v2\/tags?post=41343"}],"curies":[{"name":"wp","href":"https:\/\/api.w.org\/{rel}","templated":true}]}}