{"id":41336,"date":"2021-10-29T06:16:26","date_gmt":"2021-10-29T05:16:26","guid":{"rendered":"https:\/\/rna.ao\/rna.ao\/?p=41336"},"modified":"2021-10-29T06:16:26","modified_gmt":"2021-10-29T05:16:26","slug":"governo-de-malanje-e-proprietario-da-textang-2-assinam-acordo-para-relancamento-da-producao-de-algodao-na-baixa-de-cassanje","status":"publish","type":"post","link":"https:\/\/rna.ao\/rna.ao\/2021\/10\/29\/governo-de-malanje-e-proprietario-da-textang-2-assinam-acordo-para-relancamento-da-producao-de-algodao-na-baixa-de-cassanje\/","title":{"rendered":"Governo de Malanje e propriet\u00e1rio da Textang 2 assinam acordo para relan\u00e7amento da produ\u00e7\u00e3o de algod\u00e3o na Baixa de Cassanje"},"content":{"rendered":"<p><img loading=\"lazy\" class=\"size-full wp-image-41339 alignleft\" src=\"https:\/\/rna.ao\/rna.ao\/wp-content\/uploads\/2021\/10\/Textang-II.jpg\" alt=\"\" width=\"308\" height=\"205\" \/>A Regi\u00e3o da &#8220;Baixa de Cassanje&#8221;, na Prov\u00edncia de Malanje, vai voltar a produzir algod\u00e3o, para abastecer as f\u00e1bricas t\u00eaxteis do pa\u00eds. Para o efeito, o Governo local assinou na quinta-feira, 28 de Outubro, com a empresa Yepi, detentora da Textang 2, um acordo para o relan\u00e7amento da produ\u00e7\u00e3o de algod\u00e3o. Saiba mais, no \u00e1udio abaixo, com o jornalista Carlos Jorge:<\/p>\n\t<div class=\"qtmplayer-playlist-large\">\n\t\t<ul class=\"qtmplayer-playlist\">\n\t\t\t\n\t\t\t\t\t<li class=\"qtmplayer-trackitem\">\n\t\t<img src=\"https:\/\/rna.ao\/rna.ao\/wp-content\/uploads\/2021\/10\/Textang-II-100x100.jpg\" alt=\"cover\">\t\t<span \t\t\tdata-qtmplayer-cover=\"https:\/\/rna.ao\/rna.ao\/wp-content\/uploads\/2021\/10\/Textang-II.jpg\"\n\t\t\t\t\t\tdata-qtmplayer-file=\"https:\/\/rna.ao\/rna.ao\/wp-content\/uploads\/2021\/10\/MALANJE-ALGODAO-6-HORAS.mp3\"\n\t\t\t\t\t\tdata-qtmplayer-title=\"Governo de Malanje e propriet\u00e1rio da Textang 2 assinam acordo para relan\u00e7amento da produ\u00e7\u00e3o de algod\u00e3o na Baixa de Cassanje\"\n\t\t\t\t\t\tdata-qtmplayer-artist=\"RNA\"\n\t\t\t\t\t\tdata-qtmplayer-link=\"https:\/\/rna.ao\/rna.ao\/2021\/10\/29\/governo-de-malanje-e-proprietario-da-textang-2-assinam-acordo-para-relancamento-da-producao-de-algodao-na-baixa-de-cassanje\/\"\n\t\t\t\t\t\tdata-qtmplayer-icon=\"file_download\"\n\t\t\t\t\t\tdata-qtmplayer-type=\"track\"\n\t\t\t class=\"qtmplayer-play qtmplayer-link-sec qtmplayer-play-btn\"><i class='material-icons'>play_arrow<\/i><\/span>\n\t\t<p>\n\t\t\t<span class=\"qtmplayer-tit\">Governo de Malanje e propriet\u00e1rio da Textang 2 assinam acordo para relan\u00e7amento da produ\u00e7\u00e3o de algod\u00e3o na Baixa de Cassanje<\/span>\n\t\t\t<span class=\"qtmplayer-art\">RNA<\/span>\n\t\t<\/p>\n\t<\/li>\n\t\t<\/ul>\n\t<\/div>\t\t\t\n\t\n<p>Fonte: RNA<\/p>\n","protected":false},"excerpt":{"rendered":"<p>A Regi\u00e3o da &#8220;Baixa de Cassanje&#8221;, na Prov\u00edncia de Malanje, vai voltar a produzir algod\u00e3o, para abastecer as f\u00e1bricas t\u00eaxteis do pa\u00eds. Para o efeito, o Governo local assinou na quinta-feira, 28 de Outubro, com a empresa Yepi, detentora da Textang 2, um acordo para o relan\u00e7amento da produ\u00e7\u00e3o de ...<\/p>\n","protected":false},"author":8,"featured_media":41339,"comment_status":"closed","ping_status":"closed","sticky":false,"template":"","format":"standard","meta":[],"categories":[142,121,164,163],"tags":[],"_links":{"self":[{"href":"https:\/\/rna.ao\/rna.ao\/wp-json\/wp\/v2\/posts\/41336"}],"collection":[{"href":"https:\/\/rna.ao\/rna.ao\/wp-json\/wp\/v2\/posts"}],"about":[{"href":"https:\/\/rna.ao\/rna.ao\/wp-json\/wp\/v2\/types\/post"}],"author":[{"embeddable":true,"href":"https:\/\/rna.ao\/rna.ao\/wp-json\/wp\/v2\/users\/8"}],"replies":[{"embeddable":true,"href":"https:\/\/rna.ao\/rna.ao\/wp-json\/wp\/v2\/comments?post=41336"}],"version-history":[{"count":1,"href":"https:\/\/rna.ao\/rna.ao\/wp-json\/wp\/v2\/posts\/41336\/revisions"}],"predecessor-version":[{"id":41342,"href":"https:\/\/rna.ao\/rna.ao\/wp-json\/wp\/v2\/posts\/41336\/revisions\/41342"}],"wp:featuredmedia":[{"embeddable":true,"href":"https:\/\/rna.ao\/rna.ao\/wp-json\/wp\/v2\/media\/41339"}],"wp:attachment":[{"href":"https:\/\/rna.ao\/rna.ao\/wp-json\/wp\/v2\/media?parent=41336"}],"wp:term":[{"taxonomy":"category","embeddable":true,"href":"https:\/\/rna.ao\/rna.ao\/wp-json\/wp\/v2\/categories?post=41336"},{"taxonomy":"post_tag","embeddable":true,"href":"https:\/\/rna.ao\/rna.ao\/wp-json\/wp\/v2\/tags?post=41336"}],"curies":[{"name":"wp","href":"https:\/\/api.w.org\/{rel}","templated":true}]}}