{"id":41327,"date":"2021-10-28T16:17:52","date_gmt":"2021-10-28T15:17:52","guid":{"rendered":"https:\/\/rna.ao\/rna.ao\/?p=41327"},"modified":"2021-10-28T16:17:52","modified_gmt":"2021-10-28T15:17:52","slug":"taxa-do-iva-baixa-para-7-por-cento","status":"publish","type":"post","link":"https:\/\/rna.ao\/rna.ao\/2021\/10\/28\/taxa-do-iva-baixa-para-7-por-cento\/","title":{"rendered":"Taxa do IVA baixa para 7 por cento"},"content":{"rendered":"<p><img loading=\"lazy\" class=\"size-full wp-image-41329 alignleft\" src=\"https:\/\/rna.ao\/rna.ao\/wp-content\/uploads\/2021\/10\/IMG-20211028-WA0232.jpg\" alt=\"\" width=\"720\" height=\"480\" \/>O Conselho de Ministros decidiu hoje, em reuni\u00e3o, reduzir de 14 para 7 por cento a taxa do IVA na tramita\u00e7\u00e3o comercial de 28 produtos de amplo consumo da cesta b\u00e1sica.<\/p>\n<p>A medida enquadra-se na pol\u00edtica do Executivo para atenuar o impacto negativo da Covid-19 sobre a economia e a busca de caminhos para melhorar o poder aquisitivo das fam\u00edlias.<\/p>\n<p>O objectivo \u00e9 que a medida concorra para a redu\u00e7\u00e3o dos pre\u00e7os dos bens na hora em que chegam \u00e0s popula\u00e7\u00f5es.<\/p>\n","protected":false},"excerpt":{"rendered":"<p>O Conselho de Ministros decidiu hoje, em reuni\u00e3o, reduzir de 14 para 7 por cento a taxa do IVA na tramita\u00e7\u00e3o comercial de 28 produtos de amplo consumo da cesta b\u00e1sica. A medida enquadra-se na pol\u00edtica do Executivo para atenuar o impacto negativo da Covid-19 sobre a economia e a ...<\/p>\n","protected":false},"author":8,"featured_media":41328,"comment_status":"closed","ping_status":"closed","sticky":false,"template":"","format":"standard","meta":[],"categories":[121,163],"tags":[],"_links":{"self":[{"href":"https:\/\/rna.ao\/rna.ao\/wp-json\/wp\/v2\/posts\/41327"}],"collection":[{"href":"https:\/\/rna.ao\/rna.ao\/wp-json\/wp\/v2\/posts"}],"about":[{"href":"https:\/\/rna.ao\/rna.ao\/wp-json\/wp\/v2\/types\/post"}],"author":[{"embeddable":true,"href":"https:\/\/rna.ao\/rna.ao\/wp-json\/wp\/v2\/users\/8"}],"replies":[{"embeddable":true,"href":"https:\/\/rna.ao\/rna.ao\/wp-json\/wp\/v2\/comments?post=41327"}],"version-history":[{"count":1,"href":"https:\/\/rna.ao\/rna.ao\/wp-json\/wp\/v2\/posts\/41327\/revisions"}],"predecessor-version":[{"id":41330,"href":"https:\/\/rna.ao\/rna.ao\/wp-json\/wp\/v2\/posts\/41327\/revisions\/41330"}],"wp:featuredmedia":[{"embeddable":true,"href":"https:\/\/rna.ao\/rna.ao\/wp-json\/wp\/v2\/media\/41328"}],"wp:attachment":[{"href":"https:\/\/rna.ao\/rna.ao\/wp-json\/wp\/v2\/media?parent=41327"}],"wp:term":[{"taxonomy":"category","embeddable":true,"href":"https:\/\/rna.ao\/rna.ao\/wp-json\/wp\/v2\/categories?post=41327"},{"taxonomy":"post_tag","embeddable":true,"href":"https:\/\/rna.ao\/rna.ao\/wp-json\/wp\/v2\/tags?post=41327"}],"curies":[{"name":"wp","href":"https:\/\/api.w.org\/{rel}","templated":true}]}}