{"id":41286,"date":"2021-10-28T13:15:31","date_gmt":"2021-10-28T12:15:31","guid":{"rendered":"https:\/\/rna.ao\/rna.ao\/?p=41286"},"modified":"2021-10-28T16:55:07","modified_gmt":"2021-10-28T15:55:07","slug":"sobas-do-municipio-de-ukumua-no-huambo-espancados-ate-a-morte-acusados-de-travarem-chuvas","status":"publish","type":"post","link":"https:\/\/rna.ao\/rna.ao\/2021\/10\/28\/sobas-do-municipio-de-ukumua-no-huambo-espancados-ate-a-morte-acusados-de-travarem-chuvas\/","title":{"rendered":"Sobas do Munic\u00edpio de Ucuma no Huambo espancados at\u00e9 \u00e0 morte acusados de travarem chuvas"},"content":{"rendered":"<p><img loading=\"lazy\" class=\"size-full wp-image-41295 alignleft\" src=\"https:\/\/rna.ao\/rna.ao\/wp-content\/uploads\/2021\/10\/Martinho-Kavita-Huambo.jpg\" alt=\"\" width=\"300\" height=\"168\" \/>Os sobas idosos e populares de alguns Munic\u00edpios do Huambo, est\u00e3o em p\u00e9 de guerra, por causa da falta de chuva. A situa\u00e7\u00e3o agravou-se, com o registo de cinco mortos e oito feridos graves. A popula\u00e7\u00e3o acusa os sobas e os idosos de serem os respons\u00e1veis, pela seca que est\u00e1 a afetar a regi\u00e3o. Ou\u00e7a, no \u00e1udio abaixo, toda hist\u00f3ria na reportagem da Ivone de Lourdes:<\/p>\n\t<div class=\"qtmplayer-playlist-large\">\n\t\t<ul class=\"qtmplayer-playlist\">\n\t\t\t\n\t\t\t\t\t<li class=\"qtmplayer-trackitem\">\n\t\t<img src=\"https:\/\/rna.ao\/rna.ao\/wp-content\/uploads\/2021\/10\/Martinho-Kavita-Huambo-100x100.jpg\" alt=\"cover\">\t\t<span \t\t\tdata-qtmplayer-cover=\"https:\/\/rna.ao\/rna.ao\/wp-content\/uploads\/2021\/10\/Martinho-Kavita-Huambo.jpg\"\n\t\t\t\t\t\tdata-qtmplayer-file=\"https:\/\/rna.ao\/rna.ao\/wp-content\/uploads\/2021\/10\/HUAMBO-MORTES-IDOSOS-POR-FALTA-DE-CHUVA-13HRS.mp3\"\n\t\t\t\t\t\tdata-qtmplayer-title=\"Sobas do Munic\u00edpio de Ucuma no Huambo espancados at\u00e9 \u00e0 morte acusados de travarem chuvas\"\n\t\t\t\t\t\tdata-qtmplayer-artist=\"RNA\"\n\t\t\t\t\t\tdata-qtmplayer-link=\"https:\/\/rna.ao\/rna.ao\/2021\/10\/28\/sobas-do-municipio-de-ukumua-no-huambo-espancados-ate-a-morte-acusados-de-travarem-chuvas\/\"\n\t\t\t\t\t\tdata-qtmplayer-icon=\"file_download\"\n\t\t\t\t\t\tdata-qtmplayer-type=\"track\"\n\t\t\t class=\"qtmplayer-play qtmplayer-link-sec qtmplayer-play-btn\"><i class='material-icons'>play_arrow<\/i><\/span>\n\t\t<p>\n\t\t\t<span class=\"qtmplayer-tit\">Sobas do Munic\u00edpio de Ucuma no Huambo espancados at\u00e9 \u00e0 morte acusados de travarem chuvas<\/span>\n\t\t\t<span class=\"qtmplayer-art\">RNA<\/span>\n\t\t<\/p>\n\t<\/li>\n\t\t<\/ul>\n\t<\/div>\t\t\t\n\t\n<p>Fonte: RNA<\/p>\n","protected":false},"excerpt":{"rendered":"<p>Os sobas idosos e populares de alguns Munic\u00edpios do Huambo, est\u00e3o em p\u00e9 de guerra, por causa da falta de chuva. A situa\u00e7\u00e3o agravou-se, com o registo de cinco mortos e oito feridos graves. A popula\u00e7\u00e3o acusa os sobas e os idosos de serem os respons\u00e1veis, pela seca que est\u00e1 ...<\/p>\n","protected":false},"author":8,"featured_media":41295,"comment_status":"closed","ping_status":"closed","sticky":false,"template":"","format":"standard","meta":[],"categories":[121,163],"tags":[],"_links":{"self":[{"href":"https:\/\/rna.ao\/rna.ao\/wp-json\/wp\/v2\/posts\/41286"}],"collection":[{"href":"https:\/\/rna.ao\/rna.ao\/wp-json\/wp\/v2\/posts"}],"about":[{"href":"https:\/\/rna.ao\/rna.ao\/wp-json\/wp\/v2\/types\/post"}],"author":[{"embeddable":true,"href":"https:\/\/rna.ao\/rna.ao\/wp-json\/wp\/v2\/users\/8"}],"replies":[{"embeddable":true,"href":"https:\/\/rna.ao\/rna.ao\/wp-json\/wp\/v2\/comments?post=41286"}],"version-history":[{"count":2,"href":"https:\/\/rna.ao\/rna.ao\/wp-json\/wp\/v2\/posts\/41286\/revisions"}],"predecessor-version":[{"id":41331,"href":"https:\/\/rna.ao\/rna.ao\/wp-json\/wp\/v2\/posts\/41286\/revisions\/41331"}],"wp:featuredmedia":[{"embeddable":true,"href":"https:\/\/rna.ao\/rna.ao\/wp-json\/wp\/v2\/media\/41295"}],"wp:attachment":[{"href":"https:\/\/rna.ao\/rna.ao\/wp-json\/wp\/v2\/media?parent=41286"}],"wp:term":[{"taxonomy":"category","embeddable":true,"href":"https:\/\/rna.ao\/rna.ao\/wp-json\/wp\/v2\/categories?post=41286"},{"taxonomy":"post_tag","embeddable":true,"href":"https:\/\/rna.ao\/rna.ao\/wp-json\/wp\/v2\/tags?post=41286"}],"curies":[{"name":"wp","href":"https:\/\/api.w.org\/{rel}","templated":true}]}}