{"id":41282,"date":"2021-10-28T12:00:16","date_gmt":"2021-10-28T11:00:16","guid":{"rendered":"https:\/\/rna.ao\/rna.ao\/?p=41282"},"modified":"2021-10-28T12:01:13","modified_gmt":"2021-10-28T11:01:13","slug":"isabel-dialo-regressa-hoje-aos-treinos-da-seleccao-nacional","status":"publish","type":"post","link":"https:\/\/rna.ao\/rna.ao\/2021\/10\/28\/isabel-dialo-regressa-hoje-aos-treinos-da-seleccao-nacional\/","title":{"rendered":"Isabel Guialo regressa hoje aos treinos da selec\u00e7\u00e3o nacional"},"content":{"rendered":"<div class=\"kvgmc6g5 cxmmr5t8 oygrvhab hcukyx3x c1et5uql ii04i59q\">\n<div dir=\"auto\"><img loading=\"lazy\" class=\"size-full wp-image-41283 alignleft\" src=\"https:\/\/rna.ao\/rna.ao\/wp-content\/uploads\/2021\/10\/Isabel-Dialo.jpg\" alt=\"\" width=\"320\" height=\"180\" \/>A meia-dist\u00e2ncia da selec\u00e7\u00e3o nacional, Isabel Guialo, alegou problemas familiares como tendo estado na base do seu afastamento, tempor\u00e1rio, dos trabalhos da Selec\u00e7\u00e3o Nacional, que se prepara para o Mundial de Espanha.<\/div>\n<div dir=\"auto\"><\/div>\n<\/div>\n<div class=\"o9v6fnle cxmmr5t8 oygrvhab hcukyx3x c1et5uql ii04i59q\">\n<div dir=\"auto\">Isabel Guialo deixou de comparecer aos treinos dois dias depois de lhe ter sido tirada a bra\u00e7adeira de capit\u00e3, o que levou a especula\u00e7\u00e3o de que a jogadora ter\u00e1 digerido mal a posi\u00e7\u00e3o do treinador, Filipe Cruz.<\/div>\n<div dir=\"auto\">Fonte: R\u00e1dio 5\/RNA<\/div>\n<\/div>\n","protected":false},"excerpt":{"rendered":"<p>A meia-dist\u00e2ncia da selec\u00e7\u00e3o nacional, Isabel Guialo, alegou problemas familiares como tendo estado na base do seu afastamento, tempor\u00e1rio, dos trabalhos da Selec\u00e7\u00e3o Nacional, que se prepara para o Mundial de Espanha. Isabel Guialo deixou de comparecer aos treinos dois dias depois de lhe ter sido tirada a bra\u00e7adeira de ...<\/p>\n","protected":false},"author":8,"featured_media":41283,"comment_status":"closed","ping_status":"closed","sticky":false,"template":"","format":"standard","meta":[],"categories":[145,125],"tags":[],"_links":{"self":[{"href":"https:\/\/rna.ao\/rna.ao\/wp-json\/wp\/v2\/posts\/41282"}],"collection":[{"href":"https:\/\/rna.ao\/rna.ao\/wp-json\/wp\/v2\/posts"}],"about":[{"href":"https:\/\/rna.ao\/rna.ao\/wp-json\/wp\/v2\/types\/post"}],"author":[{"embeddable":true,"href":"https:\/\/rna.ao\/rna.ao\/wp-json\/wp\/v2\/users\/8"}],"replies":[{"embeddable":true,"href":"https:\/\/rna.ao\/rna.ao\/wp-json\/wp\/v2\/comments?post=41282"}],"version-history":[{"count":2,"href":"https:\/\/rna.ao\/rna.ao\/wp-json\/wp\/v2\/posts\/41282\/revisions"}],"predecessor-version":[{"id":41285,"href":"https:\/\/rna.ao\/rna.ao\/wp-json\/wp\/v2\/posts\/41282\/revisions\/41285"}],"wp:featuredmedia":[{"embeddable":true,"href":"https:\/\/rna.ao\/rna.ao\/wp-json\/wp\/v2\/media\/41283"}],"wp:attachment":[{"href":"https:\/\/rna.ao\/rna.ao\/wp-json\/wp\/v2\/media?parent=41282"}],"wp:term":[{"taxonomy":"category","embeddable":true,"href":"https:\/\/rna.ao\/rna.ao\/wp-json\/wp\/v2\/categories?post=41282"},{"taxonomy":"post_tag","embeddable":true,"href":"https:\/\/rna.ao\/rna.ao\/wp-json\/wp\/v2\/tags?post=41282"}],"curies":[{"name":"wp","href":"https:\/\/api.w.org\/{rel}","templated":true}]}}