{"id":41275,"date":"2021-10-28T11:16:04","date_gmt":"2021-10-28T10:16:04","guid":{"rendered":"https:\/\/rna.ao\/rna.ao\/?p=41275"},"modified":"2021-10-28T11:16:04","modified_gmt":"2021-10-28T10:16:04","slug":"acidente-na-avenida-fidel-de-castro-ruiz-provoca-um-morto-e-dois-feridos","status":"publish","type":"post","link":"https:\/\/rna.ao\/rna.ao\/2021\/10\/28\/acidente-na-avenida-fidel-de-castro-ruiz-provoca-um-morto-e-dois-feridos\/","title":{"rendered":"Acidente na avenida Fidel de Castro Ruiz provoca um morto e dois feridos"},"content":{"rendered":"<p><img loading=\"lazy\" class=\"size-full wp-image-31398 alignleft\" src=\"https:\/\/rna.ao\/rna.ao\/wp-content\/uploads\/2021\/07\/Nestor-Goubel-superintendente-PN.jpg\" alt=\"\" width=\"312\" height=\"224\" \/>Um morto e dois feridos \u00e9 o resultado de um acidente, que aconteceu nas primeiras horas da manh\u00e3 desta quinta-feira, 28 de Outubro, na Avenida Fidel de Castro Ruiz, imedia\u00e7\u00f5es do Est\u00e1dio Nacional 11 de Novembro. Segundo o Diretor de Comunica\u00e7\u00e3o Institucional e Imprensa da Policia em Luanda, Superintendente Nestor Goubel, o acidente foi resultado de um despiste na intercess\u00e3o da via do Calemba Dois. Clique no \u00e1udio e ou\u00e7a:<\/p>\n\t<div class=\"qtmplayer-playlist-large\">\n\t\t<ul class=\"qtmplayer-playlist\">\n\t\t\t\n\t\t\t\t\t<li class=\"qtmplayer-trackitem\">\n\t\t<img src=\"https:\/\/rna.ao\/rna.ao\/wp-content\/uploads\/2021\/07\/Nestor-Goubel-superintendente-PN-100x100.jpg\" alt=\"cover\">\t\t<span \t\t\tdata-qtmplayer-cover=\"https:\/\/rna.ao\/rna.ao\/wp-content\/uploads\/2021\/07\/Nestor-Goubel-superintendente-PN.jpg\"\n\t\t\t\t\t\tdata-qtmplayer-file=\"https:\/\/rna.ao\/rna.ao\/wp-content\/uploads\/2021\/10\/NESTOR-GOUBEL-ACIDENTTE.mp3\"\n\t\t\t\t\t\tdata-qtmplayer-title=\"Acidente na avenida Fidel de Castro Ruiz provoca um morto e dois feridos\"\n\t\t\t\t\t\tdata-qtmplayer-artist=\"RNA\"\n\t\t\t\t\t\tdata-qtmplayer-link=\"https:\/\/rna.ao\/rna.ao\/2021\/10\/28\/acidente-na-avenida-fidel-de-castro-ruiz-provoca-um-morto-e-dois-feridos\/\"\n\t\t\t\t\t\tdata-qtmplayer-icon=\"file_download\"\n\t\t\t\t\t\tdata-qtmplayer-type=\"track\"\n\t\t\t class=\"qtmplayer-play qtmplayer-link-sec qtmplayer-play-btn\"><i class='material-icons'>play_arrow<\/i><\/span>\n\t\t<p>\n\t\t\t<span class=\"qtmplayer-tit\">Acidente na avenida Fidel de Castro Ruiz provoca um morto e dois feridos<\/span>\n\t\t\t<span class=\"qtmplayer-art\">RNA<\/span>\n\t\t<\/p>\n\t<\/li>\n\t\t<\/ul>\n\t<\/div>\t\t\t\n\t\n<p>Fonte: R\u00e1dio Luanda\/RNA<\/p>\n","protected":false},"excerpt":{"rendered":"<p>Um morto e dois feridos \u00e9 o resultado de um acidente, que aconteceu nas primeiras horas da manh\u00e3 desta quinta-feira, 28 de Outubro, na Avenida Fidel de Castro Ruiz, imedia\u00e7\u00f5es do Est\u00e1dio Nacional 11 de Novembro. Segundo o Diretor de Comunica\u00e7\u00e3o Institucional e Imprensa da Policia em Luanda, Superintendente Nestor ...<\/p>\n","protected":false},"author":8,"featured_media":31398,"comment_status":"closed","ping_status":"closed","sticky":false,"template":"","format":"standard","meta":[],"categories":[141,133],"tags":[],"_links":{"self":[{"href":"https:\/\/rna.ao\/rna.ao\/wp-json\/wp\/v2\/posts\/41275"}],"collection":[{"href":"https:\/\/rna.ao\/rna.ao\/wp-json\/wp\/v2\/posts"}],"about":[{"href":"https:\/\/rna.ao\/rna.ao\/wp-json\/wp\/v2\/types\/post"}],"author":[{"embeddable":true,"href":"https:\/\/rna.ao\/rna.ao\/wp-json\/wp\/v2\/users\/8"}],"replies":[{"embeddable":true,"href":"https:\/\/rna.ao\/rna.ao\/wp-json\/wp\/v2\/comments?post=41275"}],"version-history":[{"count":1,"href":"https:\/\/rna.ao\/rna.ao\/wp-json\/wp\/v2\/posts\/41275\/revisions"}],"predecessor-version":[{"id":41279,"href":"https:\/\/rna.ao\/rna.ao\/wp-json\/wp\/v2\/posts\/41275\/revisions\/41279"}],"wp:featuredmedia":[{"embeddable":true,"href":"https:\/\/rna.ao\/rna.ao\/wp-json\/wp\/v2\/media\/31398"}],"wp:attachment":[{"href":"https:\/\/rna.ao\/rna.ao\/wp-json\/wp\/v2\/media?parent=41275"}],"wp:term":[{"taxonomy":"category","embeddable":true,"href":"https:\/\/rna.ao\/rna.ao\/wp-json\/wp\/v2\/categories?post=41275"},{"taxonomy":"post_tag","embeddable":true,"href":"https:\/\/rna.ao\/rna.ao\/wp-json\/wp\/v2\/tags?post=41275"}],"curies":[{"name":"wp","href":"https:\/\/api.w.org\/{rel}","templated":true}]}}