{"id":41269,"date":"2021-10-28T10:59:48","date_gmt":"2021-10-28T09:59:48","guid":{"rendered":"https:\/\/rna.ao\/rna.ao\/?p=41269"},"modified":"2021-10-28T10:59:48","modified_gmt":"2021-10-28T09:59:48","slug":"jovem-e-encontrado-morto-e-carbonizado-no-interior-de-um-contentor-de-lixo","status":"publish","type":"post","link":"https:\/\/rna.ao\/rna.ao\/2021\/10\/28\/jovem-e-encontrado-morto-e-carbonizado-no-interior-de-um-contentor-de-lixo\/","title":{"rendered":"Jovem \u00e9 encontrado morto e carbonizado no interior de um contentor de lixo"},"content":{"rendered":"<p><img loading=\"lazy\" class=\"size-full wp-image-41272 alignleft\" src=\"https:\/\/rna.ao\/rna.ao\/wp-content\/uploads\/2021\/10\/Contentor-de-lixo-na-via.jpg\" alt=\"\" width=\"288\" height=\"207\" \/>Na manh\u00e3 desta quinta-feira, 28 de Outubro, os moradores da zona do Rocha Pinto, nas imedia\u00e7\u00f5es da avenida 21 de Janeiro, foram surpreendidos com o cad\u00e1ver de um jovem carbonizado, no interior de um contentor de lixo. Uma testemunha no local, afirmou ser um individuo morador do bairro Huambo, e que teria estado envolvido em briga. Clique no \u00e1udio e ou\u00e7a:<\/p>\n\t<div class=\"qtmplayer-playlist-large\">\n\t\t<ul class=\"qtmplayer-playlist\">\n\t\t\t\n\t\t\t\t\t<li class=\"qtmplayer-trackitem\">\n\t\t<img src=\"https:\/\/rna.ao\/rna.ao\/wp-content\/uploads\/2021\/10\/Contentor-de-lixo-na-via-100x100.jpg\" alt=\"cover\">\t\t<span \t\t\tdata-qtmplayer-cover=\"https:\/\/rna.ao\/rna.ao\/wp-content\/uploads\/2021\/10\/Contentor-de-lixo-na-via.jpg\"\n\t\t\t\t\t\tdata-qtmplayer-file=\"https:\/\/rna.ao\/rna.ao\/wp-content\/uploads\/2021\/10\/JOVEM-QUEIMADO-.mp3\"\n\t\t\t\t\t\tdata-qtmplayer-title=\"Jovem \u00e9 encontrado morto e carbonizado no interior de um contentor de lixo\"\n\t\t\t\t\t\tdata-qtmplayer-artist=\"RNA\"\n\t\t\t\t\t\tdata-qtmplayer-link=\"https:\/\/rna.ao\/rna.ao\/2021\/10\/28\/jovem-e-encontrado-morto-e-carbonizado-no-interior-de-um-contentor-de-lixo\/\"\n\t\t\t\t\t\tdata-qtmplayer-icon=\"file_download\"\n\t\t\t\t\t\tdata-qtmplayer-type=\"track\"\n\t\t\t class=\"qtmplayer-play qtmplayer-link-sec qtmplayer-play-btn\"><i class='material-icons'>play_arrow<\/i><\/span>\n\t\t<p>\n\t\t\t<span class=\"qtmplayer-tit\">Jovem \u00e9 encontrado morto e carbonizado no interior de um contentor de lixo<\/span>\n\t\t\t<span class=\"qtmplayer-art\">RNA<\/span>\n\t\t<\/p>\n\t<\/li>\n\t\t<\/ul>\n\t<\/div>\t\t\t\n\t\n<p>Fonte: R\u00e1dio Luanda\/RNA<\/p>\n","protected":false},"excerpt":{"rendered":"<p>Na manh\u00e3 desta quinta-feira, 28 de Outubro, os moradores da zona do Rocha Pinto, nas imedia\u00e7\u00f5es da avenida 21 de Janeiro, foram surpreendidos com o cad\u00e1ver de um jovem carbonizado, no interior de um contentor de lixo. Uma testemunha no local, afirmou ser um individuo morador do bairro Huambo, e ...<\/p>\n","protected":false},"author":8,"featured_media":41272,"comment_status":"closed","ping_status":"closed","sticky":false,"template":"","format":"standard","meta":[],"categories":[141,133],"tags":[],"_links":{"self":[{"href":"https:\/\/rna.ao\/rna.ao\/wp-json\/wp\/v2\/posts\/41269"}],"collection":[{"href":"https:\/\/rna.ao\/rna.ao\/wp-json\/wp\/v2\/posts"}],"about":[{"href":"https:\/\/rna.ao\/rna.ao\/wp-json\/wp\/v2\/types\/post"}],"author":[{"embeddable":true,"href":"https:\/\/rna.ao\/rna.ao\/wp-json\/wp\/v2\/users\/8"}],"replies":[{"embeddable":true,"href":"https:\/\/rna.ao\/rna.ao\/wp-json\/wp\/v2\/comments?post=41269"}],"version-history":[{"count":1,"href":"https:\/\/rna.ao\/rna.ao\/wp-json\/wp\/v2\/posts\/41269\/revisions"}],"predecessor-version":[{"id":41273,"href":"https:\/\/rna.ao\/rna.ao\/wp-json\/wp\/v2\/posts\/41269\/revisions\/41273"}],"wp:featuredmedia":[{"embeddable":true,"href":"https:\/\/rna.ao\/rna.ao\/wp-json\/wp\/v2\/media\/41272"}],"wp:attachment":[{"href":"https:\/\/rna.ao\/rna.ao\/wp-json\/wp\/v2\/media?parent=41269"}],"wp:term":[{"taxonomy":"category","embeddable":true,"href":"https:\/\/rna.ao\/rna.ao\/wp-json\/wp\/v2\/categories?post=41269"},{"taxonomy":"post_tag","embeddable":true,"href":"https:\/\/rna.ao\/rna.ao\/wp-json\/wp\/v2\/tags?post=41269"}],"curies":[{"name":"wp","href":"https:\/\/api.w.org\/{rel}","templated":true}]}}