{"id":41256,"date":"2021-10-28T10:45:20","date_gmt":"2021-10-28T09:45:20","guid":{"rendered":"https:\/\/rna.ao\/rna.ao\/?p=41256"},"modified":"2021-10-28T10:45:20","modified_gmt":"2021-10-28T09:45:20","slug":"tribunal-de-luanda-esta-julgar-cidada-que-agredia-filha-adotiva","status":"publish","type":"post","link":"https:\/\/rna.ao\/rna.ao\/2021\/10\/28\/tribunal-de-luanda-esta-julgar-cidada-que-agredia-filha-adotiva\/","title":{"rendered":"Tribunal de Luanda est\u00e1 julgar cidad\u00e3 que agredia filha adotiva"},"content":{"rendered":"<p><img loading=\"lazy\" class=\"size-full wp-image-31553 alignleft\" src=\"https:\/\/rna.ao\/rna.ao\/wp-content\/uploads\/2021\/07\/Palacio-Dona-Ana-Joaquina.jpg\" alt=\"\" width=\"270\" height=\"187\" \/>O Tribunal Provincial de Luanda deu inicio ao julgamento de uma cidad\u00e3, acusada pelo crime de viol\u00eancia domestica, praticada contra uma crian\u00e7a, na altura com pouco mais de um ano de vida. A r\u00e9, que \u00e9 a m\u00e3e adotiva, agredia constantemente a menor. Clique, no \u00e1udio abaixo, e ou\u00e7a toda hist\u00f3ria com o jornalista Liberato Furtado:<\/p>\n\t<div class=\"qtmplayer-playlist-large\">\n\t\t<ul class=\"qtmplayer-playlist\">\n\t\t\t\n\t\t\t\t\t<li class=\"qtmplayer-trackitem\">\n\t\t<img src=\"https:\/\/rna.ao\/rna.ao\/wp-content\/uploads\/2021\/07\/Palacio-Dona-Ana-Joaquina-100x100.jpg\" alt=\"cover\">\t\t<span \t\t\tdata-qtmplayer-cover=\"https:\/\/rna.ao\/rna.ao\/wp-content\/uploads\/2021\/07\/Palacio-Dona-Ana-Joaquina.jpg\"\n\t\t\t\t\t\tdata-qtmplayer-file=\"https:\/\/rna.ao\/rna.ao\/wp-content\/uploads\/2021\/10\/LIBERATO-FURTADO-.mp3\"\n\t\t\t\t\t\tdata-qtmplayer-title=\"Tribunal de Luanda est\u00e1 julgar cidad\u00e3 que agredia filha adotiva\"\n\t\t\t\t\t\tdata-qtmplayer-artist=\"RNA\"\n\t\t\t\t\t\tdata-qtmplayer-link=\"https:\/\/rna.ao\/rna.ao\/2021\/10\/28\/tribunal-de-luanda-esta-julgar-cidada-que-agredia-filha-adotiva\/\"\n\t\t\t\t\t\tdata-qtmplayer-icon=\"file_download\"\n\t\t\t\t\t\tdata-qtmplayer-type=\"track\"\n\t\t\t class=\"qtmplayer-play qtmplayer-link-sec qtmplayer-play-btn\"><i class='material-icons'>play_arrow<\/i><\/span>\n\t\t<p>\n\t\t\t<span class=\"qtmplayer-tit\">Tribunal de Luanda est\u00e1 julgar cidad\u00e3 que agredia filha adotiva<\/span>\n\t\t\t<span class=\"qtmplayer-art\">RNA<\/span>\n\t\t<\/p>\n\t<\/li>\n\t\t<\/ul>\n\t<\/div>\t\t\t\n\t\n<p>Fonte: R\u00e1dio Luanda\/RNA<\/p>\n","protected":false},"excerpt":{"rendered":"<p>O Tribunal Provincial de Luanda deu inicio ao julgamento de uma cidad\u00e3, acusada pelo crime de viol\u00eancia domestica, praticada contra uma crian\u00e7a, na altura com pouco mais de um ano de vida. A r\u00e9, que \u00e9 a m\u00e3e adotiva, agredia constantemente a menor. Clique, no \u00e1udio abaixo, e ou\u00e7a toda ...<\/p>\n","protected":false},"author":8,"featured_media":31553,"comment_status":"closed","ping_status":"closed","sticky":false,"template":"","format":"standard","meta":[],"categories":[141,133],"tags":[],"_links":{"self":[{"href":"https:\/\/rna.ao\/rna.ao\/wp-json\/wp\/v2\/posts\/41256"}],"collection":[{"href":"https:\/\/rna.ao\/rna.ao\/wp-json\/wp\/v2\/posts"}],"about":[{"href":"https:\/\/rna.ao\/rna.ao\/wp-json\/wp\/v2\/types\/post"}],"author":[{"embeddable":true,"href":"https:\/\/rna.ao\/rna.ao\/wp-json\/wp\/v2\/users\/8"}],"replies":[{"embeddable":true,"href":"https:\/\/rna.ao\/rna.ao\/wp-json\/wp\/v2\/comments?post=41256"}],"version-history":[{"count":1,"href":"https:\/\/rna.ao\/rna.ao\/wp-json\/wp\/v2\/posts\/41256\/revisions"}],"predecessor-version":[{"id":41265,"href":"https:\/\/rna.ao\/rna.ao\/wp-json\/wp\/v2\/posts\/41256\/revisions\/41265"}],"wp:featuredmedia":[{"embeddable":true,"href":"https:\/\/rna.ao\/rna.ao\/wp-json\/wp\/v2\/media\/31553"}],"wp:attachment":[{"href":"https:\/\/rna.ao\/rna.ao\/wp-json\/wp\/v2\/media?parent=41256"}],"wp:term":[{"taxonomy":"category","embeddable":true,"href":"https:\/\/rna.ao\/rna.ao\/wp-json\/wp\/v2\/categories?post=41256"},{"taxonomy":"post_tag","embeddable":true,"href":"https:\/\/rna.ao\/rna.ao\/wp-json\/wp\/v2\/tags?post=41256"}],"curies":[{"name":"wp","href":"https:\/\/api.w.org\/{rel}","templated":true}]}}