{"id":40714,"date":"2021-10-22T13:33:01","date_gmt":"2021-10-22T12:33:01","guid":{"rendered":"https:\/\/rna.ao\/rna.ao\/?p=40714"},"modified":"2021-10-22T13:33:01","modified_gmt":"2021-10-22T12:33:01","slug":"ja-esta-aberto-o-ano-academico-na-iso-no-cunene","status":"publish","type":"post","link":"https:\/\/rna.ao\/rna.ao\/2021\/10\/22\/ja-esta-aberto-o-ano-academico-na-iso-no-cunene\/","title":{"rendered":"J\u00e1 est\u00e1 aberto o ano acad\u00e9mico na ISO no Cunene"},"content":{"rendered":"<p><img loading=\"lazy\" class=\"size-full wp-image-40717 alignleft\" src=\"https:\/\/rna.ao\/rna.ao\/wp-content\/uploads\/2021\/10\/download-3.jpg\" alt=\"\" width=\"225\" height=\"225\" srcset=\"https:\/\/rna.ao\/rna.ao\/wp-content\/uploads\/2021\/10\/download-3.jpg 225w, https:\/\/rna.ao\/rna.ao\/wp-content\/uploads\/2021\/10\/download-3-150x150.jpg 150w, https:\/\/rna.ao\/rna.ao\/wp-content\/uploads\/2021\/10\/download-3-100x100.jpg 100w\" sizes=\"(max-width: 225px) 100vw, 225px\" \/>O Instituto Superior Polit\u00e9cnico de Ondjiva, na Prov\u00edncia do Cunene, vai ter uma nova imagem. A institui\u00e7\u00e3o vai beneficiar de obras de reabilita\u00e7\u00e3o no \u00e2mbito do PIIM, e tamb\u00e9m merecer\u00e1 de apetrechamento. A institui\u00e7\u00e3o acad\u00e9mica abriu esta quinta-feira, (22\/10),\u00a0 o seu ano acad\u00e9mico. Clique, no \u00e1udio abaixo, e ou\u00e7a o jornalista Ven\u00e2ncio Isa\u00edas com mais desenvolvimento:<\/p>\n\t<div class=\"qtmplayer-playlist-large\">\n\t\t<ul class=\"qtmplayer-playlist\">\n\t\t\t\n\t\t\t\t\t<li class=\"qtmplayer-trackitem\">\n\t\t<img src=\"https:\/\/rna.ao\/rna.ao\/wp-content\/uploads\/2021\/10\/20150109093601po_l-100x100.jpg\" alt=\"cover\">\t\t<span \t\t\tdata-qtmplayer-cover=\"https:\/\/rna.ao\/rna.ao\/wp-content\/uploads\/2021\/10\/20150109093601po_l.jpg\"\n\t\t\t\t\t\tdata-qtmplayer-file=\"https:\/\/rna.ao\/rna.ao\/wp-content\/uploads\/2021\/10\/CUNENE-UNIVERSIDADE-13HRS.mp3\"\n\t\t\t\t\t\tdata-qtmplayer-title=\"J\u00e1 est\u00e1 aberto o ano acad\u00e9mico na ISO no Cunene\"\n\t\t\t\t\t\tdata-qtmplayer-artist=\"RNA\"\n\t\t\t\t\t\tdata-qtmplayer-link=\"https:\/\/rna.ao\/rna.ao\/2021\/10\/22\/ja-esta-aberto-o-ano-academico-na-iso-no-cunene\/\"\n\t\t\t\t\t\tdata-qtmplayer-icon=\"file_download\"\n\t\t\t\t\t\tdata-qtmplayer-type=\"track\"\n\t\t\t class=\"qtmplayer-play qtmplayer-link-sec qtmplayer-play-btn\"><i class='material-icons'>play_arrow<\/i><\/span>\n\t\t<p>\n\t\t\t<span class=\"qtmplayer-tit\">J\u00e1 est\u00e1 aberto o ano acad\u00e9mico na ISO no Cunene<\/span>\n\t\t\t<span class=\"qtmplayer-art\">RNA<\/span>\n\t\t<\/p>\n\t<\/li>\n\t\t<\/ul>\n\t<\/div>\t\t\t\n\t\n<p>Fonte: RNA<\/p>\n","protected":false},"excerpt":{"rendered":"<p>O Instituto Superior Polit\u00e9cnico de Ondjiva, na Prov\u00edncia do Cunene, vai ter uma nova imagem. A institui\u00e7\u00e3o vai beneficiar de obras de reabilita\u00e7\u00e3o no \u00e2mbito do PIIM, e tamb\u00e9m merecer\u00e1 de apetrechamento. A institui\u00e7\u00e3o acad\u00e9mica abriu esta quinta-feira, (22\/10),\u00a0 o seu ano acad\u00e9mico. Clique, no \u00e1udio abaixo, e ou\u00e7a o ...<\/p>\n","protected":false},"author":8,"featured_media":40716,"comment_status":"closed","ping_status":"closed","sticky":false,"template":"","format":"standard","meta":[],"categories":[142,121,163],"tags":[],"_links":{"self":[{"href":"https:\/\/rna.ao\/rna.ao\/wp-json\/wp\/v2\/posts\/40714"}],"collection":[{"href":"https:\/\/rna.ao\/rna.ao\/wp-json\/wp\/v2\/posts"}],"about":[{"href":"https:\/\/rna.ao\/rna.ao\/wp-json\/wp\/v2\/types\/post"}],"author":[{"embeddable":true,"href":"https:\/\/rna.ao\/rna.ao\/wp-json\/wp\/v2\/users\/8"}],"replies":[{"embeddable":true,"href":"https:\/\/rna.ao\/rna.ao\/wp-json\/wp\/v2\/comments?post=40714"}],"version-history":[{"count":1,"href":"https:\/\/rna.ao\/rna.ao\/wp-json\/wp\/v2\/posts\/40714\/revisions"}],"predecessor-version":[{"id":40718,"href":"https:\/\/rna.ao\/rna.ao\/wp-json\/wp\/v2\/posts\/40714\/revisions\/40718"}],"wp:featuredmedia":[{"embeddable":true,"href":"https:\/\/rna.ao\/rna.ao\/wp-json\/wp\/v2\/media\/40716"}],"wp:attachment":[{"href":"https:\/\/rna.ao\/rna.ao\/wp-json\/wp\/v2\/media?parent=40714"}],"wp:term":[{"taxonomy":"category","embeddable":true,"href":"https:\/\/rna.ao\/rna.ao\/wp-json\/wp\/v2\/categories?post=40714"},{"taxonomy":"post_tag","embeddable":true,"href":"https:\/\/rna.ao\/rna.ao\/wp-json\/wp\/v2\/tags?post=40714"}],"curies":[{"name":"wp","href":"https:\/\/api.w.org\/{rel}","templated":true}]}}