{"id":39282,"date":"2021-10-07T13:38:58","date_gmt":"2021-10-07T12:38:58","guid":{"rendered":"https:\/\/rna.ao\/rna.ao\/?p=39282"},"modified":"2021-10-07T14:09:04","modified_gmt":"2021-10-07T13:09:04","slug":"expo-dubai-2020-angola-apresenta-realidade-cultural-e-economica-para-atrair-investimentos","status":"publish","type":"post","link":"https:\/\/rna.ao\/rna.ao\/2021\/10\/07\/expo-dubai-2020-angola-apresenta-realidade-cultural-e-economica-para-atrair-investimentos\/","title":{"rendered":"Expo-Dubai 2020: Angola apresenta realidade cultural e econ\u00f3mica para atrair investimentos"},"content":{"rendered":"<p><img loading=\"lazy\" class=\"size-full wp-image-39285 aligncenter\" src=\"https:\/\/rna.ao\/rna.ao\/wp-content\/uploads\/2021\/10\/Expo-Dubai-Angola.jpg\" alt=\"\" width=\"620\" height=\"355\" \/>Angola participa na Expo-Dubai edi\u00e7\u00e3o 2020. No certame, o nosso pa\u00eds vai procurar apresentar a realidade cultural e econ\u00f3mica, para atrair mais investimentos. O pavilh\u00e3o de Angola, na Expo, ocupa uma \u00e1rea de 2.300 metros quadrados, tem o formato de Sona, desenhos de \u00e1rea t\u00edpicos do povo Lunda Cokwe. O espa\u00e7o procura real\u00e7ar uma Angola contempor\u00e2nea. Clique, no \u00e1udio abaixo, e saiba mais com a enviada especial da RNA ao Dubai Neusa e Silva:<\/p>\n\t<div class=\"qtmplayer-playlist-large\">\n\t\t<ul class=\"qtmplayer-playlist\">\n\t\t\t\n\t\t\t\t\t<li class=\"qtmplayer-trackitem\">\n\t\t<img src=\"https:\/\/rna.ao\/rna.ao\/wp-content\/uploads\/2021\/10\/Expo-Dubai-Angola-1-100x100.jpg\" alt=\"cover\">\t\t<span \t\t\tdata-qtmplayer-cover=\"https:\/\/rna.ao\/rna.ao\/wp-content\/uploads\/2021\/10\/Expo-Dubai-Angola-1.jpg\"\n\t\t\t\t\t\tdata-qtmplayer-file=\"https:\/\/rna.ao\/rna.ao\/wp-content\/uploads\/2021\/10\/NEUSA-E-SILVA-EXPO-13-HRS.mp3\"\n\t\t\t\t\t\tdata-qtmplayer-title=\"Expo-Dubai 2020: Angola apresenta realidade cultural e econ\u00f3mica para atrair investimentos\"\n\t\t\t\t\t\tdata-qtmplayer-artist=\"RNA\"\n\t\t\t\t\t\tdata-qtmplayer-link=\"https:\/\/rna.ao\/rna.ao\/2021\/10\/07\/expo-dubai-2020-angola-apresenta-realidade-cultural-e-economica-para-atrair-investimentos\/\"\n\t\t\t\t\t\tdata-qtmplayer-icon=\"file_download\"\n\t\t\t\t\t\tdata-qtmplayer-type=\"track\"\n\t\t\t class=\"qtmplayer-play qtmplayer-link-sec qtmplayer-play-btn\"><i class='material-icons'>play_arrow<\/i><\/span>\n\t\t<p>\n\t\t\t<span class=\"qtmplayer-tit\">Expo-Dubai 2020: Angola apresenta realidade cultural e econ\u00f3mica para atrair investimentos<\/span>\n\t\t\t<span class=\"qtmplayer-art\">RNA<\/span>\n\t\t<\/p>\n\t<\/li>\n\t\t<\/ul>\n\t<\/div>\t\t\t\n\t\n<p>Fonte: RNA<\/p>\n","protected":false},"excerpt":{"rendered":"<p>Angola participa na Expo-Dubai edi\u00e7\u00e3o 2020. No certame, o nosso pa\u00eds vai procurar apresentar a realidade cultural e econ\u00f3mica, para atrair mais investimentos. O pavilh\u00e3o de Angola, na Expo, ocupa uma \u00e1rea de 2.300 metros quadrados, tem o formato de Sona, desenhos de \u00e1rea t\u00edpicos do povo Lunda Cokwe. O ...<\/p>\n","protected":false},"author":8,"featured_media":39286,"comment_status":"closed","ping_status":"closed","sticky":false,"template":"","format":"standard","meta":[],"categories":[121,163],"tags":[],"_links":{"self":[{"href":"https:\/\/rna.ao\/rna.ao\/wp-json\/wp\/v2\/posts\/39282"}],"collection":[{"href":"https:\/\/rna.ao\/rna.ao\/wp-json\/wp\/v2\/posts"}],"about":[{"href":"https:\/\/rna.ao\/rna.ao\/wp-json\/wp\/v2\/types\/post"}],"author":[{"embeddable":true,"href":"https:\/\/rna.ao\/rna.ao\/wp-json\/wp\/v2\/users\/8"}],"replies":[{"embeddable":true,"href":"https:\/\/rna.ao\/rna.ao\/wp-json\/wp\/v2\/comments?post=39282"}],"version-history":[{"count":2,"href":"https:\/\/rna.ao\/rna.ao\/wp-json\/wp\/v2\/posts\/39282\/revisions"}],"predecessor-version":[{"id":39299,"href":"https:\/\/rna.ao\/rna.ao\/wp-json\/wp\/v2\/posts\/39282\/revisions\/39299"}],"wp:featuredmedia":[{"embeddable":true,"href":"https:\/\/rna.ao\/rna.ao\/wp-json\/wp\/v2\/media\/39286"}],"wp:attachment":[{"href":"https:\/\/rna.ao\/rna.ao\/wp-json\/wp\/v2\/media?parent=39282"}],"wp:term":[{"taxonomy":"category","embeddable":true,"href":"https:\/\/rna.ao\/rna.ao\/wp-json\/wp\/v2\/categories?post=39282"},{"taxonomy":"post_tag","embeddable":true,"href":"https:\/\/rna.ao\/rna.ao\/wp-json\/wp\/v2\/tags?post=39282"}],"curies":[{"name":"wp","href":"https:\/\/api.w.org\/{rel}","templated":true}]}}