{"id":38943,"date":"2021-10-04T13:31:45","date_gmt":"2021-10-04T12:31:45","guid":{"rendered":"https:\/\/rna.ao\/rna.ao\/?p=38943"},"modified":"2021-10-04T13:31:45","modified_gmt":"2021-10-04T12:31:45","slug":"universidade-lusiadas-avalia-em-forum-situacao-arquitetonica-e-urbanistica-do-pais","status":"publish","type":"post","link":"https:\/\/rna.ao\/rna.ao\/2021\/10\/04\/universidade-lusiadas-avalia-em-forum-situacao-arquitetonica-e-urbanistica-do-pais\/","title":{"rendered":"Universidade Lus\u00edadas avalia em f\u00f3rum situa\u00e7\u00e3o arquitet\u00f3nica e urban\u00edstica do pa\u00eds"},"content":{"rendered":"<p><img loading=\"lazy\" class=\"size-full wp-image-38948 alignleft\" src=\"https:\/\/rna.ao\/rna.ao\/wp-content\/uploads\/2021\/10\/Universidade-Lusiadas-de-Angola.jpg\" alt=\"\" width=\"281\" height=\"199\" \/>A Universidade Lus\u00edadas de Angola est\u00e1 preocupada com a situa\u00e7\u00e3o de avalia\u00e7\u00e3o arquitet\u00f3nica e urban\u00edstica do pa\u00eds. Por este motivo, est\u00e1 a promover um F\u00f3rum Urbano de arquitectura, enquadrado no d\u00e9cimo sexto anivers\u00e1rio da institui\u00e7\u00e3o. O reitor da Lus\u00edadas de Angola, M\u00e1rio Pinto de andrade, destacou a import\u00e2ncia deste evento. Clique no \u00e1udio e ou\u00e7a:<\/p>\n<p>&nbsp;<\/p>\n<p>&nbsp;<\/p>\n\t<div class=\"qtmplayer-playlist-large\">\n\t\t<ul class=\"qtmplayer-playlist\">\n\t\t\t\n\t\t\t\t\t<li class=\"qtmplayer-trackitem\">\n\t\t<img src=\"https:\/\/rna.ao\/rna.ao\/wp-content\/uploads\/2021\/10\/Universidade-Lusiadas-de-Angola-100x100.jpg\" alt=\"cover\">\t\t<span \t\t\tdata-qtmplayer-cover=\"https:\/\/rna.ao\/rna.ao\/wp-content\/uploads\/2021\/10\/Universidade-Lusiadas-de-Angola.jpg\"\n\t\t\t\t\t\tdata-qtmplayer-file=\"https:\/\/rna.ao\/rna.ao\/wp-content\/uploads\/2021\/10\/MARIO-PINTO-DE-ANDRADE-13HRS.mp3\"\n\t\t\t\t\t\tdata-qtmplayer-title=\"Universidade Lus\u00edadas avalia em f\u00f3rum situa\u00e7\u00e3o arquitet\u00f3nica e urban\u00edstica do pa\u00eds\"\n\t\t\t\t\t\tdata-qtmplayer-artist=\"RNA\"\n\t\t\t\t\t\tdata-qtmplayer-link=\"https:\/\/rna.ao\/rna.ao\/2021\/10\/04\/universidade-lusiadas-avalia-em-forum-situacao-arquitetonica-e-urbanistica-do-pais\/\"\n\t\t\t\t\t\tdata-qtmplayer-icon=\"file_download\"\n\t\t\t\t\t\tdata-qtmplayer-type=\"track\"\n\t\t\t class=\"qtmplayer-play qtmplayer-link-sec qtmplayer-play-btn\"><i class='material-icons'>play_arrow<\/i><\/span>\n\t\t<p>\n\t\t\t<span class=\"qtmplayer-tit\">Universidade Lus\u00edadas avalia em f\u00f3rum situa\u00e7\u00e3o arquitet\u00f3nica e urban\u00edstica do pa\u00eds<\/span>\n\t\t\t<span class=\"qtmplayer-art\">RNA<\/span>\n\t\t<\/p>\n\t<\/li>\n\t\t<\/ul>\n\t<\/div>\t\t\t\n\t\n<p>J\u00e1 o baston\u00e1rio da Ordem dos Arquitectos de Angola, Celestino Chitonha, defendeu mais ac\u00e7\u00f5es para se concretizar os projectos urban\u00edsticos do pa\u00eds. Clique no \u00e1udio e ou\u00e7a:<\/p>\n\t<div class=\"qtmplayer-playlist-large\">\n\t\t<ul class=\"qtmplayer-playlist\">\n\t\t\t\n\t\t\t\t\t<li class=\"qtmplayer-trackitem\">\n\t\t<img src=\"https:\/\/rna.ao\/rna.ao\/wp-content\/uploads\/2021\/10\/Universidade-Lusiadas-de-Angola-100x100.jpg\" alt=\"cover\">\t\t<span \t\t\tdata-qtmplayer-cover=\"https:\/\/rna.ao\/rna.ao\/wp-content\/uploads\/2021\/10\/Universidade-Lusiadas-de-Angola.jpg\"\n\t\t\t\t\t\tdata-qtmplayer-file=\"https:\/\/rna.ao\/rna.ao\/wp-content\/uploads\/2021\/10\/CELESTINO-CHITONHA-13HRS.mp3\"\n\t\t\t\t\t\tdata-qtmplayer-title=\"Universidade Lus\u00edadas avalia em f\u00f3rum situa\u00e7\u00e3o arquitet\u00f3nica e urban\u00edstica do pa\u00eds\"\n\t\t\t\t\t\tdata-qtmplayer-artist=\"RNA\"\n\t\t\t\t\t\tdata-qtmplayer-link=\"https:\/\/rna.ao\/rna.ao\/2021\/10\/04\/universidade-lusiadas-avalia-em-forum-situacao-arquitetonica-e-urbanistica-do-pais\/\"\n\t\t\t\t\t\tdata-qtmplayer-icon=\"file_download\"\n\t\t\t\t\t\tdata-qtmplayer-type=\"track\"\n\t\t\t class=\"qtmplayer-play qtmplayer-link-sec qtmplayer-play-btn\"><i class='material-icons'>play_arrow<\/i><\/span>\n\t\t<p>\n\t\t\t<span class=\"qtmplayer-tit\">Universidade Lus\u00edadas avalia em f\u00f3rum situa\u00e7\u00e3o arquitet\u00f3nica e urban\u00edstica do pa\u00eds<\/span>\n\t\t\t<span class=\"qtmplayer-art\">RNA<\/span>\n\t\t<\/p>\n\t<\/li>\n\t\t<\/ul>\n\t<\/div>\t\t\t\n\t\n<p>Por sua vez, Kilson Gouveia, Administrador para \u00c1rea T\u00e9cnica da EGTI, que foi um dos prelectores do F\u00f3rum, apontou mais trabalho para que tenhamos cidades inteligentes, com caracter\u00edsticas urbanas aceit\u00e1veis. Clique no \u00e1udio e ou\u00e7a:<\/p>\n\t<div class=\"qtmplayer-playlist-large\">\n\t\t<ul class=\"qtmplayer-playlist\">\n\t\t\t\n\t\t\t\t\t<li class=\"qtmplayer-trackitem\">\n\t\t<img src=\"https:\/\/rna.ao\/rna.ao\/wp-content\/uploads\/2021\/10\/Universidade-Lusiadas-de-Angola-100x100.jpg\" alt=\"cover\">\t\t<span \t\t\tdata-qtmplayer-cover=\"https:\/\/rna.ao\/rna.ao\/wp-content\/uploads\/2021\/10\/Universidade-Lusiadas-de-Angola.jpg\"\n\t\t\t\t\t\tdata-qtmplayer-file=\"https:\/\/rna.ao\/rna.ao\/wp-content\/uploads\/2021\/10\/KILSON-GOUVEIA-13HRS-.mp3\"\n\t\t\t\t\t\tdata-qtmplayer-title=\"Universidade Lus\u00edadas avalia em f\u00f3rum situa\u00e7\u00e3o arquitet\u00f3nica e urban\u00edstica do pa\u00eds\"\n\t\t\t\t\t\tdata-qtmplayer-artist=\"RNA\"\n\t\t\t\t\t\tdata-qtmplayer-link=\"https:\/\/rna.ao\/rna.ao\/2021\/10\/04\/universidade-lusiadas-avalia-em-forum-situacao-arquitetonica-e-urbanistica-do-pais\/\"\n\t\t\t\t\t\tdata-qtmplayer-icon=\"file_download\"\n\t\t\t\t\t\tdata-qtmplayer-type=\"track\"\n\t\t\t class=\"qtmplayer-play qtmplayer-link-sec qtmplayer-play-btn\"><i class='material-icons'>play_arrow<\/i><\/span>\n\t\t<p>\n\t\t\t<span class=\"qtmplayer-tit\">Universidade Lus\u00edadas avalia em f\u00f3rum situa\u00e7\u00e3o arquitet\u00f3nica e urban\u00edstica do pa\u00eds<\/span>\n\t\t\t<span class=\"qtmplayer-art\">RNA<\/span>\n\t\t<\/p>\n\t<\/li>\n\t\t<\/ul>\n\t<\/div>\t\t\t\n\t\n<p>O F\u00f3rum decorre de 4 de Outubro a 8 do mesmo m\u00eas, na Prov\u00edncia de Luanda.<\/p>\n<p>Fonte: RNA<\/p>\n","protected":false},"excerpt":{"rendered":"<p>A Universidade Lus\u00edadas de Angola est\u00e1 preocupada com a situa\u00e7\u00e3o de avalia\u00e7\u00e3o arquitet\u00f3nica e urban\u00edstica do pa\u00eds. Por este motivo, est\u00e1 a promover um F\u00f3rum Urbano de arquitectura, enquadrado no d\u00e9cimo sexto anivers\u00e1rio da institui\u00e7\u00e3o. O reitor da Lus\u00edadas de Angola, M\u00e1rio Pinto de andrade, destacou a import\u00e2ncia deste evento. ...<\/p>\n","protected":false},"author":8,"featured_media":38948,"comment_status":"closed","ping_status":"closed","sticky":false,"template":"","format":"standard","meta":[],"categories":[121,163],"tags":[],"_links":{"self":[{"href":"https:\/\/rna.ao\/rna.ao\/wp-json\/wp\/v2\/posts\/38943"}],"collection":[{"href":"https:\/\/rna.ao\/rna.ao\/wp-json\/wp\/v2\/posts"}],"about":[{"href":"https:\/\/rna.ao\/rna.ao\/wp-json\/wp\/v2\/types\/post"}],"author":[{"embeddable":true,"href":"https:\/\/rna.ao\/rna.ao\/wp-json\/wp\/v2\/users\/8"}],"replies":[{"embeddable":true,"href":"https:\/\/rna.ao\/rna.ao\/wp-json\/wp\/v2\/comments?post=38943"}],"version-history":[{"count":1,"href":"https:\/\/rna.ao\/rna.ao\/wp-json\/wp\/v2\/posts\/38943\/revisions"}],"predecessor-version":[{"id":38949,"href":"https:\/\/rna.ao\/rna.ao\/wp-json\/wp\/v2\/posts\/38943\/revisions\/38949"}],"wp:featuredmedia":[{"embeddable":true,"href":"https:\/\/rna.ao\/rna.ao\/wp-json\/wp\/v2\/media\/38948"}],"wp:attachment":[{"href":"https:\/\/rna.ao\/rna.ao\/wp-json\/wp\/v2\/media?parent=38943"}],"wp:term":[{"taxonomy":"category","embeddable":true,"href":"https:\/\/rna.ao\/rna.ao\/wp-json\/wp\/v2\/categories?post=38943"},{"taxonomy":"post_tag","embeddable":true,"href":"https:\/\/rna.ao\/rna.ao\/wp-json\/wp\/v2\/tags?post=38943"}],"curies":[{"name":"wp","href":"https:\/\/api.w.org\/{rel}","templated":true}]}}