{"id":37183,"date":"2021-09-13T14:44:33","date_gmt":"2021-09-13T13:44:33","guid":{"rendered":"https:\/\/rna.ao\/rna.ao\/?p=37183"},"modified":"2021-09-13T14:46:43","modified_gmt":"2021-09-13T13:46:43","slug":"mae-queima-filha-por-subtrair-cinquenta-kwanzas","status":"publish","type":"post","link":"https:\/\/rna.ao\/rna.ao\/2021\/09\/13\/mae-queima-filha-por-subtrair-cinquenta-kwanzas\/","title":{"rendered":"M\u00e3e queima filha por subtrair cinquenta kwanzas"},"content":{"rendered":"<p><img loading=\"lazy\" class=\"size-full wp-image-37186 alignleft\" src=\"https:\/\/rna.ao\/rna.ao\/wp-content\/uploads\/2021\/09\/Maos-Queimadas.jpg\" alt=\"\" width=\"267\" height=\"189\" \/>Um cidad\u00e3o de 18 anos de idade foi detido no Munic\u00edpio de Cacuaco, bairro Malueca, acusado do crime de homic\u00eddio Volunt\u00e1rio por asfixia, em que foi v\u00edtima uma cidad\u00e3 de 22 anos de idade. Presume-se que ambos mantinham uma rela\u00e7\u00e3o amorosa. A informa\u00e7\u00e3o \u00e9 do diretor do Gabinete de Comunica\u00e7\u00e3o institucional e imprensa da Policia em Luanda, Superintendente Nestor Goubel, que avan\u00e7ou ainda que, em Viana, no bairro 30, foi detido um individuo por explora\u00e7\u00e3o a menores no trabalho infantil. Clique no \u00e1udio e ou\u00e7a:<\/p>\n\t<div class=\"qtmplayer-playlist-large\">\n\t\t<ul class=\"qtmplayer-playlist\">\n\t\t\t\n\t\t\t\t\t<li class=\"qtmplayer-trackitem\">\n\t\t<img src=\"https:\/\/rna.ao\/rna.ao\/wp-content\/uploads\/2021\/09\/Maos-Queimadas-100x100.jpg\" alt=\"cover\">\t\t<span \t\t\tdata-qtmplayer-cover=\"https:\/\/rna.ao\/rna.ao\/wp-content\/uploads\/2021\/09\/Maos-Queimadas.jpg\"\n\t\t\t\t\t\tdata-qtmplayer-file=\"https:\/\/rna.ao\/rna.ao\/wp-content\/uploads\/2021\/09\/NESTOR-GOUBEL-BALANCO.mp3\"\n\t\t\t\t\t\tdata-qtmplayer-title=\"M\u00e3e queima filha por subtrair cinquenta kwanzas\"\n\t\t\t\t\t\tdata-qtmplayer-artist=\"RNA\"\n\t\t\t\t\t\tdata-qtmplayer-link=\"https:\/\/rna.ao\/rna.ao\/2021\/09\/13\/mae-queima-filha-por-subtrair-cinquenta-kwanzas\/\"\n\t\t\t\t\t\tdata-qtmplayer-icon=\"file_download\"\n\t\t\t\t\t\tdata-qtmplayer-type=\"track\"\n\t\t\t class=\"qtmplayer-play qtmplayer-link-sec qtmplayer-play-btn\"><i class='material-icons'>play_arrow<\/i><\/span>\n\t\t<p>\n\t\t\t<span class=\"qtmplayer-tit\">M\u00e3e queima filha por subtrair cinquenta kwanzas<\/span>\n\t\t\t<span class=\"qtmplayer-art\">RNA<\/span>\n\t\t<\/p>\n\t<\/li>\n\t\t<\/ul>\n\t<\/div>\t\t\t\n\t\n<p>E no Munic\u00edpio de Icolo e Bengo foi detida uma cidad\u00e3, por esta ter queimado as m\u00e3os da filha menor, por esta ter subtra\u00eddo 50 kwanzas. Clique, no \u00e1udio abaixo, e ou\u00e7a o diretor do Gabinete de Comunica\u00e7\u00e3o institucional e imprensa da Policia em Luanda, Superintendente nestor Goubel:<\/p>\n\t<div class=\"qtmplayer-playlist-large\">\n\t\t<ul class=\"qtmplayer-playlist\">\n\t\t\t\n\t\t\t\t\t<li class=\"qtmplayer-trackitem\">\n\t\t<img src=\"https:\/\/rna.ao\/rna.ao\/wp-content\/uploads\/2021\/09\/Maos-Queimadas-100x100.jpg\" alt=\"cover\">\t\t<span \t\t\tdata-qtmplayer-cover=\"https:\/\/rna.ao\/rna.ao\/wp-content\/uploads\/2021\/09\/Maos-Queimadas.jpg\"\n\t\t\t\t\t\tdata-qtmplayer-file=\"https:\/\/rna.ao\/rna.ao\/wp-content\/uploads\/2021\/09\/NESTOR-GOUBEL-QUEIMADURA.mp3\"\n\t\t\t\t\t\tdata-qtmplayer-title=\"M\u00e3e queima filha por subtrair cinquenta kwanzas\"\n\t\t\t\t\t\tdata-qtmplayer-artist=\"RNA\"\n\t\t\t\t\t\tdata-qtmplayer-link=\"https:\/\/rna.ao\/rna.ao\/2021\/09\/13\/mae-queima-filha-por-subtrair-cinquenta-kwanzas\/\"\n\t\t\t\t\t\tdata-qtmplayer-icon=\"file_download\"\n\t\t\t\t\t\tdata-qtmplayer-type=\"track\"\n\t\t\t class=\"qtmplayer-play qtmplayer-link-sec qtmplayer-play-btn\"><i class='material-icons'>play_arrow<\/i><\/span>\n\t\t<p>\n\t\t\t<span class=\"qtmplayer-tit\">M\u00e3e queima filha por subtrair cinquenta kwanzas<\/span>\n\t\t\t<span class=\"qtmplayer-art\">RNA<\/span>\n\t\t<\/p>\n\t<\/li>\n\t\t<\/ul>\n\t<\/div>\t\t\t\n\t\n<p>No ultimo fim de semana a policia em Luanda\u00a0 procedeu a apreens\u00e3o de 8 armas de fogo, 4 gramas de estupefaciente do tipo Liamba e deteve 137 cidad\u00e3os presum\u00edveis autores de diversos crimes.<\/p>\n<p>Fonte: R\u00e1dio Luanda\/RNA<\/p>\n","protected":false},"excerpt":{"rendered":"<p>Um cidad\u00e3o de 18 anos de idade foi detido no Munic\u00edpio de Cacuaco, bairro Malueca, acusado do crime de homic\u00eddio Volunt\u00e1rio por asfixia, em que foi v\u00edtima uma cidad\u00e3 de 22 anos de idade. Presume-se que ambos mantinham uma rela\u00e7\u00e3o amorosa. A informa\u00e7\u00e3o \u00e9 do diretor do Gabinete de Comunica\u00e7\u00e3o ...<\/p>\n","protected":false},"author":8,"featured_media":37186,"comment_status":"closed","ping_status":"closed","sticky":false,"template":"","format":"standard","meta":[],"categories":[141,133,164],"tags":[],"_links":{"self":[{"href":"https:\/\/rna.ao\/rna.ao\/wp-json\/wp\/v2\/posts\/37183"}],"collection":[{"href":"https:\/\/rna.ao\/rna.ao\/wp-json\/wp\/v2\/posts"}],"about":[{"href":"https:\/\/rna.ao\/rna.ao\/wp-json\/wp\/v2\/types\/post"}],"author":[{"embeddable":true,"href":"https:\/\/rna.ao\/rna.ao\/wp-json\/wp\/v2\/users\/8"}],"replies":[{"embeddable":true,"href":"https:\/\/rna.ao\/rna.ao\/wp-json\/wp\/v2\/comments?post=37183"}],"version-history":[{"count":1,"href":"https:\/\/rna.ao\/rna.ao\/wp-json\/wp\/v2\/posts\/37183\/revisions"}],"predecessor-version":[{"id":37187,"href":"https:\/\/rna.ao\/rna.ao\/wp-json\/wp\/v2\/posts\/37183\/revisions\/37187"}],"wp:featuredmedia":[{"embeddable":true,"href":"https:\/\/rna.ao\/rna.ao\/wp-json\/wp\/v2\/media\/37186"}],"wp:attachment":[{"href":"https:\/\/rna.ao\/rna.ao\/wp-json\/wp\/v2\/media?parent=37183"}],"wp:term":[{"taxonomy":"category","embeddable":true,"href":"https:\/\/rna.ao\/rna.ao\/wp-json\/wp\/v2\/categories?post=37183"},{"taxonomy":"post_tag","embeddable":true,"href":"https:\/\/rna.ao\/rna.ao\/wp-json\/wp\/v2\/tags?post=37183"}],"curies":[{"name":"wp","href":"https:\/\/api.w.org\/{rel}","templated":true}]}}