{"id":36423,"date":"2021-09-06T13:27:10","date_gmt":"2021-09-06T12:27:10","guid":{"rendered":"https:\/\/rna.ao\/rna.ao\/?p=36423"},"modified":"2021-09-06T13:43:45","modified_gmt":"2021-09-06T12:43:45","slug":"policia-fiscal-aduaneira-prometem-acabar-com-pirataria-nos-mares-do-pais","status":"publish","type":"post","link":"https:\/\/rna.ao\/rna.ao\/2021\/09\/06\/policia-fiscal-aduaneira-prometem-acabar-com-pirataria-nos-mares-do-pais\/","title":{"rendered":"Pol\u00edcia Fiscal Aduaneira prometem acabar com pirataria nos mares do pa\u00eds"},"content":{"rendered":"<p><img loading=\"lazy\" class=\"size-full wp-image-36431 alignleft\" src=\"https:\/\/rna.ao\/rna.ao\/wp-content\/uploads\/2021\/09\/Julio-Vunge.jpg\" alt=\"\" width=\"275\" height=\"183\" \/>Os assaltos que se registam, ultimamente, em alto mar e na orla mar\u00edtima, poder\u00e3o ter os dias contados. As autoridades mar\u00edtimas criaram um grupo multissectorial, que vai actuar na fiscaliza\u00e7\u00e3o de todos aqueles que se fazem ao mar. O segundo comandante da Pol\u00edcia Fiscal Aduaneira, J\u00falio Vunge, que revelou o facto, \u00e0 RNA, diz que apesar de serem actos isolados, as ac\u00e7\u00f5es dos meliantes tem criado inseguran\u00e7a junto dos pescadores. Clique no \u00e1udio e ou\u00e7a:<\/p>\n\t<div class=\"qtmplayer-playlist-large\">\n\t\t<ul class=\"qtmplayer-playlist\">\n\t\t\t\n\t\t\t\t\t<li class=\"qtmplayer-trackitem\">\n\t\t<img src=\"https:\/\/rna.ao\/rna.ao\/wp-content\/uploads\/2021\/09\/Julio-Vunge-100x100.jpg\" alt=\"cover\">\t\t<span \t\t\tdata-qtmplayer-cover=\"https:\/\/rna.ao\/rna.ao\/wp-content\/uploads\/2021\/09\/Julio-Vunge.jpg\"\n\t\t\t\t\t\tdata-qtmplayer-file=\"https:\/\/rna.ao\/rna.ao\/wp-content\/uploads\/2021\/09\/JULIO-VINGE-1-13-HRS.mp3\"\n\t\t\t\t\t\tdata-qtmplayer-title=\"Pol\u00edcia Fiscal Aduaneira prometem acabar com pirataria nos mares do pa\u00eds\"\n\t\t\t\t\t\tdata-qtmplayer-artist=\"RNA\"\n\t\t\t\t\t\tdata-qtmplayer-link=\"https:\/\/rna.ao\/rna.ao\/2021\/09\/06\/policia-fiscal-aduaneira-prometem-acabar-com-pirataria-nos-mares-do-pais\/\"\n\t\t\t\t\t\tdata-qtmplayer-icon=\"file_download\"\n\t\t\t\t\t\tdata-qtmplayer-type=\"track\"\n\t\t\t class=\"qtmplayer-play qtmplayer-link-sec qtmplayer-play-btn\"><i class='material-icons'>play_arrow<\/i><\/span>\n\t\t<p>\n\t\t\t<span class=\"qtmplayer-tit\">Pol\u00edcia Fiscal Aduaneira prometem acabar com pirataria nos mares do pa\u00eds<\/span>\n\t\t\t<span class=\"qtmplayer-art\">RNA<\/span>\n\t\t<\/p>\n\t<\/li>\n\t\t<\/ul>\n\t<\/div>\t\t\t\n\t\n<p>A Pol\u00edcia Fiscal Aduaneira apresentou tr\u00eas elementos, e meios apreendidos, durante uma opera\u00e7\u00e3o contra o contrabando de combust\u00edvel. J\u00falio Vunge diz que os supostos criminosos foram apanhados, em flagrante delito, e v\u00e3o ser presentes ao Minist\u00e9rio P\u00fablico, nas pr\u00f3ximas horas. Clique no \u00e1udio e ou\u00e7a:<\/p>\n\t<div class=\"qtmplayer-playlist-large\">\n\t\t<ul class=\"qtmplayer-playlist\">\n\t\t\t\n\t\t\t\t\t<li class=\"qtmplayer-trackitem\">\n\t\t<img src=\"https:\/\/rna.ao\/rna.ao\/wp-content\/uploads\/2021\/09\/Julio-Vunge-100x100.jpg\" alt=\"cover\">\t\t<span \t\t\tdata-qtmplayer-cover=\"https:\/\/rna.ao\/rna.ao\/wp-content\/uploads\/2021\/09\/Julio-Vunge.jpg\"\n\t\t\t\t\t\tdata-qtmplayer-file=\"https:\/\/rna.ao\/rna.ao\/wp-content\/uploads\/2021\/09\/JULIO-VINGE-2-13-HRS.mp3\"\n\t\t\t\t\t\tdata-qtmplayer-title=\"Pol\u00edcia Fiscal Aduaneira prometem acabar com pirataria nos mares do pa\u00eds\"\n\t\t\t\t\t\tdata-qtmplayer-artist=\"RNA\"\n\t\t\t\t\t\tdata-qtmplayer-link=\"https:\/\/rna.ao\/rna.ao\/2021\/09\/06\/policia-fiscal-aduaneira-prometem-acabar-com-pirataria-nos-mares-do-pais\/\"\n\t\t\t\t\t\tdata-qtmplayer-icon=\"file_download\"\n\t\t\t\t\t\tdata-qtmplayer-type=\"track\"\n\t\t\t class=\"qtmplayer-play qtmplayer-link-sec qtmplayer-play-btn\"><i class='material-icons'>play_arrow<\/i><\/span>\n\t\t<p>\n\t\t\t<span class=\"qtmplayer-tit\">Pol\u00edcia Fiscal Aduaneira prometem acabar com pirataria nos mares do pa\u00eds<\/span>\n\t\t\t<span class=\"qtmplayer-art\">RNA<\/span>\n\t\t<\/p>\n\t<\/li>\n\t\t<\/ul>\n\t<\/div>\t\t\t\n\t\n<p>E um dos apresentados, pela Pol\u00edcia Fiscal Aduaneira, jura, de p\u00e9s-juntos, que s\u00f3 obedeceu a ordem por respeito \u00e0 Pol\u00edcia Nacional. Clique no \u00e1udio e ou\u00e7a:<\/p>\n\t<div class=\"qtmplayer-playlist-large\">\n\t\t<ul class=\"qtmplayer-playlist\">\n\t\t\t\n\t\t\t\t\t<li class=\"qtmplayer-trackitem\">\n\t\t<img src=\"https:\/\/rna.ao\/rna.ao\/wp-content\/uploads\/2021\/09\/Julio-Vunge-100x100.jpg\" alt=\"cover\">\t\t<span \t\t\tdata-qtmplayer-cover=\"https:\/\/rna.ao\/rna.ao\/wp-content\/uploads\/2021\/09\/Julio-Vunge.jpg\"\n\t\t\t\t\t\tdata-qtmplayer-file=\"https:\/\/rna.ao\/rna.ao\/wp-content\/uploads\/2021\/09\/BENEDITO-DOS-SANTOS-13-HRS.mp3\"\n\t\t\t\t\t\tdata-qtmplayer-title=\"Pol\u00edcia Fiscal Aduaneira prometem acabar com pirataria nos mares do pa\u00eds\"\n\t\t\t\t\t\tdata-qtmplayer-artist=\"RNA\"\n\t\t\t\t\t\tdata-qtmplayer-link=\"https:\/\/rna.ao\/rna.ao\/2021\/09\/06\/policia-fiscal-aduaneira-prometem-acabar-com-pirataria-nos-mares-do-pais\/\"\n\t\t\t\t\t\tdata-qtmplayer-icon=\"file_download\"\n\t\t\t\t\t\tdata-qtmplayer-type=\"track\"\n\t\t\t class=\"qtmplayer-play qtmplayer-link-sec qtmplayer-play-btn\"><i class='material-icons'>play_arrow<\/i><\/span>\n\t\t<p>\n\t\t\t<span class=\"qtmplayer-tit\">Pol\u00edcia Fiscal Aduaneira prometem acabar com pirataria nos mares do pa\u00eds<\/span>\n\t\t\t<span class=\"qtmplayer-art\">RNA<\/span>\n\t\t<\/p>\n\t<\/li>\n\t\t<\/ul>\n\t<\/div>\t\t\t\n\t\n<p>Fonte: RNA<\/p>\n<p>&nbsp;<\/p>\n","protected":false},"excerpt":{"rendered":"<p>Os assaltos que se registam, ultimamente, em alto mar e na orla mar\u00edtima, poder\u00e3o ter os dias contados. As autoridades mar\u00edtimas criaram um grupo multissectorial, que vai actuar na fiscaliza\u00e7\u00e3o de todos aqueles que se fazem ao mar. O segundo comandante da Pol\u00edcia Fiscal Aduaneira, J\u00falio Vunge, que revelou o ...<\/p>\n","protected":false},"author":8,"featured_media":36431,"comment_status":"closed","ping_status":"closed","sticky":false,"template":"","format":"standard","meta":[],"categories":[121,163],"tags":[],"_links":{"self":[{"href":"https:\/\/rna.ao\/rna.ao\/wp-json\/wp\/v2\/posts\/36423"}],"collection":[{"href":"https:\/\/rna.ao\/rna.ao\/wp-json\/wp\/v2\/posts"}],"about":[{"href":"https:\/\/rna.ao\/rna.ao\/wp-json\/wp\/v2\/types\/post"}],"author":[{"embeddable":true,"href":"https:\/\/rna.ao\/rna.ao\/wp-json\/wp\/v2\/users\/8"}],"replies":[{"embeddable":true,"href":"https:\/\/rna.ao\/rna.ao\/wp-json\/wp\/v2\/comments?post=36423"}],"version-history":[{"count":2,"href":"https:\/\/rna.ao\/rna.ao\/wp-json\/wp\/v2\/posts\/36423\/revisions"}],"predecessor-version":[{"id":36438,"href":"https:\/\/rna.ao\/rna.ao\/wp-json\/wp\/v2\/posts\/36423\/revisions\/36438"}],"wp:featuredmedia":[{"embeddable":true,"href":"https:\/\/rna.ao\/rna.ao\/wp-json\/wp\/v2\/media\/36431"}],"wp:attachment":[{"href":"https:\/\/rna.ao\/rna.ao\/wp-json\/wp\/v2\/media?parent=36423"}],"wp:term":[{"taxonomy":"category","embeddable":true,"href":"https:\/\/rna.ao\/rna.ao\/wp-json\/wp\/v2\/categories?post=36423"},{"taxonomy":"post_tag","embeddable":true,"href":"https:\/\/rna.ao\/rna.ao\/wp-json\/wp\/v2\/tags?post=36423"}],"curies":[{"name":"wp","href":"https:\/\/api.w.org\/{rel}","templated":true}]}}