{"id":36403,"date":"2021-09-06T10:42:25","date_gmt":"2021-09-06T09:42:25","guid":{"rendered":"https:\/\/rna.ao\/rna.ao\/?p=36403"},"modified":"2021-09-06T10:42:25","modified_gmt":"2021-09-06T09:42:25","slug":"moradores-do-ramiros-clamam-por-melhoria-das-condicoes-sociais","status":"publish","type":"post","link":"https:\/\/rna.ao\/rna.ao\/2021\/09\/06\/moradores-do-ramiros-clamam-por-melhoria-das-condicoes-sociais\/","title":{"rendered":"Moradores do Ramiros clamam por melhoria das condi\u00e7\u00f5es sociais"},"content":{"rendered":"<p><img loading=\"lazy\" class=\"size-medium wp-image-36407 aligncenter\" src=\"https:\/\/rna.ao\/rna.ao\/wp-content\/uploads\/2021\/09\/Administracao-do-Ramiros-770x448.jpg\" alt=\"\" width=\"770\" height=\"448\" srcset=\"https:\/\/rna.ao\/rna.ao\/wp-content\/uploads\/2021\/09\/Administracao-do-Ramiros-770x448.jpg 770w, https:\/\/rna.ao\/rna.ao\/wp-content\/uploads\/2021\/09\/Administracao-do-Ramiros-768x446.jpg 768w, https:\/\/rna.ao\/rna.ao\/wp-content\/uploads\/2021\/09\/Administracao-do-Ramiros.jpg 960w\" sizes=\"(max-width: 770px) 100vw, 770px\" \/>A R\u00e1dio Luanda fez nas primeiras horas esta segunda-feira, 06 de Setembro, uma radiografia no distrito urbano do Ramiros, munic\u00edpio de Belas. Uma zona que se encontra a sul da prov\u00edncia de Luanda, e que \u00e9 maioritariamente habitada por cidad\u00e3os provenientes do leste do pa\u00eds. Segundo contam s\u00e3o antigos combatentes. Clique no \u00e1udio e ou\u00e7a:<\/p>\n\t<div class=\"qtmplayer-playlist-large\">\n\t\t<ul class=\"qtmplayer-playlist\">\n\t\t\t\n\t\t\t\t\t<li class=\"qtmplayer-trackitem\">\n\t\t<img src=\"https:\/\/rna.ao\/rna.ao\/wp-content\/uploads\/2021\/09\/Administracao-do-Ramiros-2-100x100.jpg\" alt=\"cover\">\t\t<span \t\t\tdata-qtmplayer-cover=\"https:\/\/rna.ao\/rna.ao\/wp-content\/uploads\/2021\/09\/Administracao-do-Ramiros-2.jpg\"\n\t\t\t\t\t\tdata-qtmplayer-file=\"https:\/\/rna.ao\/rna.ao\/wp-content\/uploads\/2021\/09\/MORADOR-1.mp3\"\n\t\t\t\t\t\tdata-qtmplayer-title=\"Moradores do Ramiros clamam por melhoria das condi\u00e7\u00f5es sociais\"\n\t\t\t\t\t\tdata-qtmplayer-artist=\"RNA\"\n\t\t\t\t\t\tdata-qtmplayer-link=\"https:\/\/rna.ao\/rna.ao\/2021\/09\/06\/moradores-do-ramiros-clamam-por-melhoria-das-condicoes-sociais\/\"\n\t\t\t\t\t\tdata-qtmplayer-icon=\"file_download\"\n\t\t\t\t\t\tdata-qtmplayer-type=\"track\"\n\t\t\t class=\"qtmplayer-play qtmplayer-link-sec qtmplayer-play-btn\"><i class='material-icons'>play_arrow<\/i><\/span>\n\t\t<p>\n\t\t\t<span class=\"qtmplayer-tit\">Moradores do Ramiros clamam por melhoria das condi\u00e7\u00f5es sociais<\/span>\n\t\t\t<span class=\"qtmplayer-art\">RNA<\/span>\n\t\t<\/p>\n\t<\/li>\n\t\t<\/ul>\n\t<\/div>\t\t\t\n\t\n<p>Em quase toda a sua extens\u00e3o os habitantes do Ramiros, apelam as autoridades locais a melhorar as condi\u00e7\u00f5es sociais b\u00e1sicas, como a \u00e1gua, energia, educa\u00e7\u00e3o, sa\u00fade, acesso, s\u00f3 para citar alguns. Clique no \u00e1udio e ou\u00e7a:<\/p>\n\t<div class=\"qtmplayer-playlist-large\">\n\t\t<ul class=\"qtmplayer-playlist\">\n\t\t\t\n\t\t\t\t\t<li class=\"qtmplayer-trackitem\">\n\t\t<img src=\"https:\/\/rna.ao\/rna.ao\/wp-content\/uploads\/2021\/09\/Administracao-do-Ramiros-2-100x100.jpg\" alt=\"cover\">\t\t<span \t\t\tdata-qtmplayer-cover=\"https:\/\/rna.ao\/rna.ao\/wp-content\/uploads\/2021\/09\/Administracao-do-Ramiros-2.jpg\"\n\t\t\t\t\t\tdata-qtmplayer-file=\"https:\/\/rna.ao\/rna.ao\/wp-content\/uploads\/2021\/09\/MORADOR-2.mp3\"\n\t\t\t\t\t\tdata-qtmplayer-title=\"Moradores do Ramiros clamam por melhoria das condi\u00e7\u00f5es sociais\"\n\t\t\t\t\t\tdata-qtmplayer-artist=\"RNA\"\n\t\t\t\t\t\tdata-qtmplayer-link=\"https:\/\/rna.ao\/rna.ao\/2021\/09\/06\/moradores-do-ramiros-clamam-por-melhoria-das-condicoes-sociais\/\"\n\t\t\t\t\t\tdata-qtmplayer-icon=\"file_download\"\n\t\t\t\t\t\tdata-qtmplayer-type=\"track\"\n\t\t\t class=\"qtmplayer-play qtmplayer-link-sec qtmplayer-play-btn\"><i class='material-icons'>play_arrow<\/i><\/span>\n\t\t<p>\n\t\t\t<span class=\"qtmplayer-tit\">Moradores do Ramiros clamam por melhoria das condi\u00e7\u00f5es sociais<\/span>\n\t\t\t<span class=\"qtmplayer-art\">RNA<\/span>\n\t\t<\/p>\n\t<\/li>\n\t\t<\/ul>\n\t<\/div>\t\t\t\n\t\n<p>A Delinqu\u00eancia \u00e9 outra quest\u00e3o que preocupa os moradores daquele distrito urbano, localizado no Munic\u00edpio de Belas, na capital do pa\u00eds. Clique no \u00e1udio e ou\u00e7a:<\/p>\n\t<div class=\"qtmplayer-playlist-large\">\n\t\t<ul class=\"qtmplayer-playlist\">\n\t\t\t\n\t\t\t\t\t<li class=\"qtmplayer-trackitem\">\n\t\t<img src=\"https:\/\/rna.ao\/rna.ao\/wp-content\/uploads\/2021\/09\/Administracao-do-Ramiros-2-100x100.jpg\" alt=\"cover\">\t\t<span \t\t\tdata-qtmplayer-cover=\"https:\/\/rna.ao\/rna.ao\/wp-content\/uploads\/2021\/09\/Administracao-do-Ramiros-2.jpg\"\n\t\t\t\t\t\tdata-qtmplayer-file=\"https:\/\/rna.ao\/rna.ao\/wp-content\/uploads\/2021\/09\/MORADOR-3.mp3\"\n\t\t\t\t\t\tdata-qtmplayer-title=\"Moradores do Ramiros clamam por melhoria das condi\u00e7\u00f5es sociais\"\n\t\t\t\t\t\tdata-qtmplayer-artist=\"RNA\"\n\t\t\t\t\t\tdata-qtmplayer-link=\"https:\/\/rna.ao\/rna.ao\/2021\/09\/06\/moradores-do-ramiros-clamam-por-melhoria-das-condicoes-sociais\/\"\n\t\t\t\t\t\tdata-qtmplayer-icon=\"file_download\"\n\t\t\t\t\t\tdata-qtmplayer-type=\"track\"\n\t\t\t class=\"qtmplayer-play qtmplayer-link-sec qtmplayer-play-btn\"><i class='material-icons'>play_arrow<\/i><\/span>\n\t\t<p>\n\t\t\t<span class=\"qtmplayer-tit\">Moradores do Ramiros clamam por melhoria das condi\u00e7\u00f5es sociais<\/span>\n\t\t\t<span class=\"qtmplayer-art\">RNA<\/span>\n\t\t<\/p>\n\t<\/li>\n\t\t<\/ul>\n\t<\/div>\t\t\t\n\t\n<p>Fonte: R\u00e1dio Luanda\/RNA<\/p>\n<p>&nbsp;<\/p>\n","protected":false},"excerpt":{"rendered":"<p>A R\u00e1dio Luanda fez nas primeiras horas esta segunda-feira, 06 de Setembro, uma radiografia no distrito urbano do Ramiros, munic\u00edpio de Belas. Uma zona que se encontra a sul da prov\u00edncia de Luanda, e que \u00e9 maioritariamente habitada por cidad\u00e3os provenientes do leste do pa\u00eds. Segundo contam s\u00e3o antigos combatentes. ...<\/p>\n","protected":false},"author":8,"featured_media":36408,"comment_status":"closed","ping_status":"closed","sticky":false,"template":"","format":"standard","meta":[],"categories":[141,133],"tags":[],"_links":{"self":[{"href":"https:\/\/rna.ao\/rna.ao\/wp-json\/wp\/v2\/posts\/36403"}],"collection":[{"href":"https:\/\/rna.ao\/rna.ao\/wp-json\/wp\/v2\/posts"}],"about":[{"href":"https:\/\/rna.ao\/rna.ao\/wp-json\/wp\/v2\/types\/post"}],"author":[{"embeddable":true,"href":"https:\/\/rna.ao\/rna.ao\/wp-json\/wp\/v2\/users\/8"}],"replies":[{"embeddable":true,"href":"https:\/\/rna.ao\/rna.ao\/wp-json\/wp\/v2\/comments?post=36403"}],"version-history":[{"count":1,"href":"https:\/\/rna.ao\/rna.ao\/wp-json\/wp\/v2\/posts\/36403\/revisions"}],"predecessor-version":[{"id":36409,"href":"https:\/\/rna.ao\/rna.ao\/wp-json\/wp\/v2\/posts\/36403\/revisions\/36409"}],"wp:featuredmedia":[{"embeddable":true,"href":"https:\/\/rna.ao\/rna.ao\/wp-json\/wp\/v2\/media\/36408"}],"wp:attachment":[{"href":"https:\/\/rna.ao\/rna.ao\/wp-json\/wp\/v2\/media?parent=36403"}],"wp:term":[{"taxonomy":"category","embeddable":true,"href":"https:\/\/rna.ao\/rna.ao\/wp-json\/wp\/v2\/categories?post=36403"},{"taxonomy":"post_tag","embeddable":true,"href":"https:\/\/rna.ao\/rna.ao\/wp-json\/wp\/v2\/tags?post=36403"}],"curies":[{"name":"wp","href":"https:\/\/api.w.org\/{rel}","templated":true}]}}