{"id":30927,"date":"2021-07-14T06:21:37","date_gmt":"2021-07-14T05:21:37","guid":{"rendered":"https:\/\/rna.ao\/rna.ao\/?p=30927"},"modified":"2021-07-14T08:18:12","modified_gmt":"2021-07-14T07:18:12","slug":"afrobasquete-2021-angola-aprimora-estrategias-em-portugal-yanick-moreira-mostra-se-pronto-para-defender-as-cores-nacionais","status":"publish","type":"post","link":"https:\/\/rna.ao\/rna.ao\/2021\/07\/14\/afrobasquete-2021-angola-aprimora-estrategias-em-portugal-yanick-moreira-mostra-se-pronto-para-defender-as-cores-nacionais\/","title":{"rendered":"AFROBASQUETE 2021: ANGOLA APRIMORA ESTRAT\u00c9GIAS EM PORTUGAL. YANICK MOREIRA MOSTRA-SE PRONTO PARA DEFENDER AS CORES NACIONAIS"},"content":{"rendered":"<p><img loading=\"lazy\" class=\"wp-image-30928 alignleft\" src=\"https:\/\/rna.ao\/rna.ao\/wp-content\/uploads\/2021\/07\/download.jpg\" alt=\"\" width=\"263\" height=\"175\" \/>A sele\u00e7\u00e3o nacional s\u00e9nior masculina de basquetebol continua em Portugal, onde leva a cabo a sua prepara\u00e7\u00e3o para o afrobasquete 2021, cujo palco ser\u00e1 a cidade Ruandesa de Kigali. Nesta prova Africana, a equipa nacional vai poder contar com o poste Yannick Moreira, que afirma estar em condi\u00e7\u00f5es de ajudar o Cinco Angolano. Clique no \u00e1udio e ou\u00e7a.<\/p>\n\t<div class=\"qtmplayer-playlist-large\">\n\t\t<ul class=\"qtmplayer-playlist\">\n\t\t\t\n\t\t\t\t\t<li class=\"qtmplayer-trackitem\">\n\t\t<img src=\"https:\/\/rna.ao\/rna.ao\/wp-content\/uploads\/2021\/07\/download-100x100.jpg\" alt=\"cover\">\t\t<span \t\t\tdata-qtmplayer-cover=\"https:\/\/rna.ao\/rna.ao\/wp-content\/uploads\/2021\/07\/download.jpg\"\n\t\t\t\t\t\tdata-qtmplayer-file=\"https:\/\/rna.ao\/rna.ao\/wp-content\/uploads\/2021\/07\/P-A-3-YANICK-MOREIRA-14-07-21.mp3\"\n\t\t\t\t\t\tdata-qtmplayer-title=\"AFROBASQUETE 2021: ANGOLA APRIMORA ESTRAT\u00c9GIAS EM PORTUGAL. YANICK MOREIRA MOSTRA-SE PRONTO PARA DEFENDER AS CORES NACIONAIS\"\n\t\t\t\t\t\tdata-qtmplayer-artist=\"RNA\"\n\t\t\t\t\t\tdata-qtmplayer-link=\"https:\/\/rna.ao\/rna.ao\/2021\/07\/14\/afrobasquete-2021-angola-aprimora-estrategias-em-portugal-yanick-moreira-mostra-se-pronto-para-defender-as-cores-nacionais\/\"\n\t\t\t\t\t\tdata-qtmplayer-icon=\"file_download\"\n\t\t\t\t\t\tdata-qtmplayer-type=\"track\"\n\t\t\t class=\"qtmplayer-play qtmplayer-link-sec qtmplayer-play-btn\"><i class='material-icons'>play_arrow<\/i><\/span>\n\t\t<p>\n\t\t\t<span class=\"qtmplayer-tit\">AFROBASQUETE 2021: ANGOLA APRIMORA ESTRAT\u00c9GIAS EM PORTUGAL. YANICK MOREIRA MOSTRA-SE PRONTO PARA DEFENDER AS CORES NACIONAIS<\/span>\n\t\t\t<span class=\"qtmplayer-art\">RNA<\/span>\n\t\t<\/p>\n\t<\/li>\n\t\t<\/ul>\n\t<\/div>\t\t\t\n\t\n<p>O Africano de Kigali, no Ruanda, acontece de 25 de agosto a 4 de Setembro deste ano,\u00a0 e a nossa selec\u00e7\u00e3o figura no grupo A,\u00a0 ao lado da anfitri\u00e3 (Ruanda), e a Rep\u00fablica Democr\u00e1tica do Congo.<\/p>\n<p>No Grupo B est\u00e3o a Tun\u00edsia, Egipto, Guin\u00e9-Conacri e Rep\u00fablica Centro-Africana.<\/p>\n<p>Grupo C: Nig\u00e9ria, C\u00f4te d`Ivoire, Mali e Qu\u00e9nia<\/p>\n<p>Grupo D: Senegal, Camar\u00f5es e Sud\u00e3o do Sul<\/p>\n<p>Fonte: R\u00e1dio5\/RNA<\/p>\n","protected":false},"excerpt":{"rendered":"<p>A sele\u00e7\u00e3o nacional s\u00e9nior masculina de basquetebol continua em Portugal, onde leva a cabo a sua prepara\u00e7\u00e3o para o afrobasquete 2021, cujo palco ser\u00e1 a cidade Ruandesa de Kigali. Nesta prova Africana, a equipa nacional vai poder contar com o poste Yannick Moreira, que afirma estar em condi\u00e7\u00f5es de ajudar ...<\/p>\n","protected":false},"author":8,"featured_media":30928,"comment_status":"closed","ping_status":"closed","sticky":false,"template":"","format":"standard","meta":[],"categories":[145,125,164],"tags":[],"_links":{"self":[{"href":"https:\/\/rna.ao\/rna.ao\/wp-json\/wp\/v2\/posts\/30927"}],"collection":[{"href":"https:\/\/rna.ao\/rna.ao\/wp-json\/wp\/v2\/posts"}],"about":[{"href":"https:\/\/rna.ao\/rna.ao\/wp-json\/wp\/v2\/types\/post"}],"author":[{"embeddable":true,"href":"https:\/\/rna.ao\/rna.ao\/wp-json\/wp\/v2\/users\/8"}],"replies":[{"embeddable":true,"href":"https:\/\/rna.ao\/rna.ao\/wp-json\/wp\/v2\/comments?post=30927"}],"version-history":[{"count":3,"href":"https:\/\/rna.ao\/rna.ao\/wp-json\/wp\/v2\/posts\/30927\/revisions"}],"predecessor-version":[{"id":30955,"href":"https:\/\/rna.ao\/rna.ao\/wp-json\/wp\/v2\/posts\/30927\/revisions\/30955"}],"wp:featuredmedia":[{"embeddable":true,"href":"https:\/\/rna.ao\/rna.ao\/wp-json\/wp\/v2\/media\/30928"}],"wp:attachment":[{"href":"https:\/\/rna.ao\/rna.ao\/wp-json\/wp\/v2\/media?parent=30927"}],"wp:term":[{"taxonomy":"category","embeddable":true,"href":"https:\/\/rna.ao\/rna.ao\/wp-json\/wp\/v2\/categories?post=30927"},{"taxonomy":"post_tag","embeddable":true,"href":"https:\/\/rna.ao\/rna.ao\/wp-json\/wp\/v2\/tags?post=30927"}],"curies":[{"name":"wp","href":"https:\/\/api.w.org\/{rel}","templated":true}]}}