{"id":30348,"date":"2021-07-09T12:24:21","date_gmt":"2021-07-09T11:24:21","guid":{"rendered":"https:\/\/rna.ao\/rna.ao\/?p=30348"},"modified":"2021-07-09T12:42:06","modified_gmt":"2021-07-09T11:42:06","slug":"hospital-municipal-do-capalanga-necessita-de-reforco-no-quadro-de-pessoal-medico","status":"publish","type":"post","link":"https:\/\/rna.ao\/rna.ao\/2021\/07\/09\/hospital-municipal-do-capalanga-necessita-de-reforco-no-quadro-de-pessoal-medico\/","title":{"rendered":"Hospital Municipal do Kapalanga necessita de refor\u00e7o no quadro de pessoal m\u00e9dico"},"content":{"rendered":"<p><img loading=\"lazy\" class=\"size-full wp-image-14528 alignleft\" src=\"https:\/\/rna.ao\/rna.ao\/wp-content\/uploads\/2021\/01\/Hospital-Municipal-do-Kapalanga.jpg\" alt=\"\" width=\"320\" height=\"173\" \/>A dire\u00e7\u00e3o do Hospital Municipal do Kapalanga, diz estar a necessitar de refor\u00e7o no quadro de pessoal m\u00e9dico. Segundo o Director do Hospital do Kapalanga, Mateus Neto, nos \u00faltimos dias a unidade recebe muitos pacientes, e s\u00f3 tem a disposi\u00e7\u00e3o tr\u00eas m\u00e9dicos. Clique no \u00e1udio e ou\u00e7a:<\/p>\n<p>&nbsp;<\/p>\n\t<div class=\"qtmplayer-playlist-large\">\n\t\t<ul class=\"qtmplayer-playlist\">\n\t\t\t\n\t\t\t\t\t<li class=\"qtmplayer-trackitem\">\n\t\t<img src=\"https:\/\/rna.ao\/rna.ao\/wp-content\/uploads\/2021\/01\/Hospital-Municipal-do-Kapalanga-100x100.jpg\" alt=\"cover\">\t\t<span \t\t\tdata-qtmplayer-cover=\"https:\/\/rna.ao\/rna.ao\/wp-content\/uploads\/2021\/01\/Hospital-Municipal-do-Kapalanga.jpg\"\n\t\t\t\t\t\tdata-qtmplayer-file=\"https:\/\/rna.ao\/rna.ao\/wp-content\/uploads\/2021\/07\/MATEUS-NETO-1.mp3\"\n\t\t\t\t\t\tdata-qtmplayer-title=\"Hospital Municipal do Kapalanga necessita de refor\u00e7o no quadro de pessoal m\u00e9dico\"\n\t\t\t\t\t\tdata-qtmplayer-artist=\"RNA\"\n\t\t\t\t\t\tdata-qtmplayer-link=\"https:\/\/rna.ao\/rna.ao\/2021\/07\/09\/hospital-municipal-do-capalanga-necessita-de-reforco-no-quadro-de-pessoal-medico\/\"\n\t\t\t\t\t\tdata-qtmplayer-icon=\"file_download\"\n\t\t\t\t\t\tdata-qtmplayer-type=\"track\"\n\t\t\t class=\"qtmplayer-play qtmplayer-link-sec qtmplayer-play-btn\"><i class='material-icons'>play_arrow<\/i><\/span>\n\t\t<p>\n\t\t\t<span class=\"qtmplayer-tit\">Hospital Municipal do Kapalanga necessita de refor\u00e7o no quadro de pessoal m\u00e9dico<\/span>\n\t\t\t<span class=\"qtmplayer-art\">RNA<\/span>\n\t\t<\/p>\n\t<\/li>\n\t\t<\/ul>\n\t<\/div>\t\t\t\n\t\n<p>O Director do Hospital Municipal de Capalanga, quer quadros qualificados para atender a demanda em fun\u00e7\u00e3o das patologias. Clique no \u00e1udio e ou\u00e7a:<\/p>\n\t<div class=\"qtmplayer-playlist-large\">\n\t\t<ul class=\"qtmplayer-playlist\">\n\t\t\t\n\t\t\t\t\t<li class=\"qtmplayer-trackitem\">\n\t\t<img src=\"https:\/\/rna.ao\/rna.ao\/wp-content\/uploads\/2021\/01\/Hospital-Municipal-do-Kapalanga-100x100.jpg\" alt=\"cover\">\t\t<span \t\t\tdata-qtmplayer-cover=\"https:\/\/rna.ao\/rna.ao\/wp-content\/uploads\/2021\/01\/Hospital-Municipal-do-Kapalanga.jpg\"\n\t\t\t\t\t\tdata-qtmplayer-file=\"https:\/\/rna.ao\/rna.ao\/wp-content\/uploads\/2021\/07\/MATEUS-NETO-2.mp3\"\n\t\t\t\t\t\tdata-qtmplayer-title=\"Hospital Municipal do Kapalanga necessita de refor\u00e7o no quadro de pessoal m\u00e9dico\"\n\t\t\t\t\t\tdata-qtmplayer-artist=\"RNA\"\n\t\t\t\t\t\tdata-qtmplayer-link=\"https:\/\/rna.ao\/rna.ao\/2021\/07\/09\/hospital-municipal-do-capalanga-necessita-de-reforco-no-quadro-de-pessoal-medico\/\"\n\t\t\t\t\t\tdata-qtmplayer-icon=\"file_download\"\n\t\t\t\t\t\tdata-qtmplayer-type=\"track\"\n\t\t\t class=\"qtmplayer-play qtmplayer-link-sec qtmplayer-play-btn\"><i class='material-icons'>play_arrow<\/i><\/span>\n\t\t<p>\n\t\t\t<span class=\"qtmplayer-tit\">Hospital Municipal do Kapalanga necessita de refor\u00e7o no quadro de pessoal m\u00e9dico<\/span>\n\t\t\t<span class=\"qtmplayer-art\">RNA<\/span>\n\t\t<\/p>\n\t<\/li>\n\t\t<\/ul>\n\t<\/div>\t\t\t\n\t\n<p>Fonte: R\u00e1dio Luanda\/RNA<\/p>\n<p>&nbsp;<\/p>\n","protected":false},"excerpt":{"rendered":"<p>A dire\u00e7\u00e3o do Hospital Municipal do Kapalanga, diz estar a necessitar de refor\u00e7o no quadro de pessoal m\u00e9dico. Segundo o Director do Hospital do Kapalanga, Mateus Neto, nos \u00faltimos dias a unidade recebe muitos pacientes, e s\u00f3 tem a disposi\u00e7\u00e3o tr\u00eas m\u00e9dicos. Clique no \u00e1udio e ou\u00e7a: &nbsp; O Director ...<\/p>\n","protected":false},"author":8,"featured_media":14528,"comment_status":"closed","ping_status":"closed","sticky":false,"template":"","format":"standard","meta":[],"categories":[141,133],"tags":[],"_links":{"self":[{"href":"https:\/\/rna.ao\/rna.ao\/wp-json\/wp\/v2\/posts\/30348"}],"collection":[{"href":"https:\/\/rna.ao\/rna.ao\/wp-json\/wp\/v2\/posts"}],"about":[{"href":"https:\/\/rna.ao\/rna.ao\/wp-json\/wp\/v2\/types\/post"}],"author":[{"embeddable":true,"href":"https:\/\/rna.ao\/rna.ao\/wp-json\/wp\/v2\/users\/8"}],"replies":[{"embeddable":true,"href":"https:\/\/rna.ao\/rna.ao\/wp-json\/wp\/v2\/comments?post=30348"}],"version-history":[{"count":6,"href":"https:\/\/rna.ao\/rna.ao\/wp-json\/wp\/v2\/posts\/30348\/revisions"}],"predecessor-version":[{"id":30363,"href":"https:\/\/rna.ao\/rna.ao\/wp-json\/wp\/v2\/posts\/30348\/revisions\/30363"}],"wp:featuredmedia":[{"embeddable":true,"href":"https:\/\/rna.ao\/rna.ao\/wp-json\/wp\/v2\/media\/14528"}],"wp:attachment":[{"href":"https:\/\/rna.ao\/rna.ao\/wp-json\/wp\/v2\/media?parent=30348"}],"wp:term":[{"taxonomy":"category","embeddable":true,"href":"https:\/\/rna.ao\/rna.ao\/wp-json\/wp\/v2\/categories?post=30348"},{"taxonomy":"post_tag","embeddable":true,"href":"https:\/\/rna.ao\/rna.ao\/wp-json\/wp\/v2\/tags?post=30348"}],"curies":[{"name":"wp","href":"https:\/\/api.w.org\/{rel}","templated":true}]}}