{"id":30256,"date":"2021-07-08T20:47:32","date_gmt":"2021-07-08T19:47:32","guid":{"rendered":"https:\/\/rna.ao\/rna.ao\/?p=30256"},"modified":"2021-07-09T12:04:20","modified_gmt":"2021-07-09T11:04:20","slug":"luto-no-futebol-morreu-david-dias-treinador-do-recreativo-da-caala-vitima-de-doenca","status":"publish","type":"post","link":"https:\/\/rna.ao\/rna.ao\/2021\/07\/08\/luto-no-futebol-morreu-david-dias-treinador-do-recreativo-da-caala-vitima-de-doenca\/","title":{"rendered":"Luto no futebol: Morreu David Dias treinador do Recreativo da Ca\u00e1la v\u00edtima de doen\u00e7a."},"content":{"rendered":"<p><img loading=\"lazy\" class=\"size-full wp-image-30258 alignleft\" src=\"https:\/\/rna.ao\/rna.ao\/wp-content\/uploads\/2021\/07\/David-Dias-1.jpg\" alt=\"\" width=\"323\" height=\"259\" \/>David Dias iniciou a sua carreira de treinador na Inglaterra, onde orientou a forma\u00e7\u00e3o Bacup Borough, da III divis\u00e3o semi-profissional de Manchester.<\/p>\n<p>Regressou \u00e0 Angola em 2010 para treinar o Recreativo da Ca\u00e1la. De 2012 a 2013 trabalhou no Progresso Associa\u00e7\u00e3o do Sambizanga, voltando a assumir o comando t\u00e9cnico do Recreativo da Ca\u00e1la em 2017, onde se manteve at\u00e9 a sua morte.<\/p>\n<p>Como futebolista, representou em Portugal as forma\u00e7\u00f5es do Juventude de Lisboa, FC Torriense e FC Maia. Ainda com as camadas jovens da equipa inglesa conquistou, em 2009, o torneio internacional da Umbro em sub-18.<\/p>\n<p>David Dias morre aos 51 anos de idade.<\/p>\n","protected":false},"excerpt":{"rendered":"<p>David Dias iniciou a sua carreira de treinador na Inglaterra, onde orientou a forma\u00e7\u00e3o Bacup Borough, da III divis\u00e3o semi-profissional de Manchester. Regressou \u00e0 Angola em 2010 para treinar o Recreativo da Ca\u00e1la. De 2012 a 2013 trabalhou no Progresso Associa\u00e7\u00e3o do Sambizanga, voltando a assumir o comando t\u00e9cnico do ...<\/p>\n","protected":false},"author":8,"featured_media":30258,"comment_status":"closed","ping_status":"closed","sticky":false,"template":"","format":"standard","meta":[],"categories":[145,125,163],"tags":[],"_links":{"self":[{"href":"https:\/\/rna.ao\/rna.ao\/wp-json\/wp\/v2\/posts\/30256"}],"collection":[{"href":"https:\/\/rna.ao\/rna.ao\/wp-json\/wp\/v2\/posts"}],"about":[{"href":"https:\/\/rna.ao\/rna.ao\/wp-json\/wp\/v2\/types\/post"}],"author":[{"embeddable":true,"href":"https:\/\/rna.ao\/rna.ao\/wp-json\/wp\/v2\/users\/8"}],"replies":[{"embeddable":true,"href":"https:\/\/rna.ao\/rna.ao\/wp-json\/wp\/v2\/comments?post=30256"}],"version-history":[{"count":4,"href":"https:\/\/rna.ao\/rna.ao\/wp-json\/wp\/v2\/posts\/30256\/revisions"}],"predecessor-version":[{"id":30347,"href":"https:\/\/rna.ao\/rna.ao\/wp-json\/wp\/v2\/posts\/30256\/revisions\/30347"}],"wp:featuredmedia":[{"embeddable":true,"href":"https:\/\/rna.ao\/rna.ao\/wp-json\/wp\/v2\/media\/30258"}],"wp:attachment":[{"href":"https:\/\/rna.ao\/rna.ao\/wp-json\/wp\/v2\/media?parent=30256"}],"wp:term":[{"taxonomy":"category","embeddable":true,"href":"https:\/\/rna.ao\/rna.ao\/wp-json\/wp\/v2\/categories?post=30256"},{"taxonomy":"post_tag","embeddable":true,"href":"https:\/\/rna.ao\/rna.ao\/wp-json\/wp\/v2\/tags?post=30256"}],"curies":[{"name":"wp","href":"https:\/\/api.w.org\/{rel}","templated":true}]}}