{"id":27997,"date":"2021-06-18T05:29:53","date_gmt":"2021-06-18T04:29:53","guid":{"rendered":"https:\/\/rna.ao\/rna.ao\/?p=27997"},"modified":"2021-06-18T06:53:49","modified_gmt":"2021-06-18T05:53:49","slug":"girabola-baixa-de-cassanje-joga-no-luena-reduto-dos-maquis","status":"publish","type":"post","link":"https:\/\/rna.ao\/rna.ao\/2021\/06\/18\/girabola-baixa-de-cassanje-joga-no-luena-reduto-dos-maquis\/","title":{"rendered":"Girabola: Baixa de Cassanje joga no Luena reduto dos Maquis"},"content":{"rendered":"<div><img loading=\"lazy\" class=\"size-full wp-image-17463 alignleft\" src=\"https:\/\/rna.ao\/rna.ao\/wp-content\/uploads\/2021\/02\/Baixa-de-Cassanje-de-Malanje.jpg\" alt=\"\" width=\"293\" height=\"178\" \/>A Baixa de Cassanje de Malanje, vai neste s\u00e1bado, 19 de Junho, ao Luena, jogar, \u00e0s 15 horas e 30 minutos, com o Futebol Clube Bravos do Maqui. Embora jogar num terreno dif\u00edcil, a equipa malanjina, ambiciona a pontua\u00e7\u00e3o m\u00e1xima, de acordo com o Secret\u00e1rio Geral da agremia\u00e7\u00e3o, Filemon Mbaca Cacombo. Clique no \u00e1udio e ou\u00e7a:<\/div>\n<div>\n\t<div class=\"qtmplayer-playlist-large\">\n\t\t<ul class=\"qtmplayer-playlist\">\n\t\t\t\n\t\t\t\t\t<li class=\"qtmplayer-trackitem\">\n\t\t<img src=\"https:\/\/rna.ao\/rna.ao\/wp-content\/uploads\/2021\/02\/Baixa-de-Cassanje-de-Malanje-100x100.jpg\" alt=\"cover\">\t\t<span \t\t\tdata-qtmplayer-cover=\"https:\/\/rna.ao\/rna.ao\/wp-content\/uploads\/2021\/02\/Baixa-de-Cassanje-de-Malanje.jpg\"\n\t\t\t\t\t\tdata-qtmplayer-file=\"https:\/\/rna.ao\/rna.ao\/wp-content\/uploads\/2021\/06\/P-A-8-FELIMON-MBACA-18-06-21.mp3\"\n\t\t\t\t\t\tdata-qtmplayer-title=\"Girabola: Baixa de Cassanje joga no Luena reduto dos Maquis\"\n\t\t\t\t\t\tdata-qtmplayer-artist=\"RNA\"\n\t\t\t\t\t\tdata-qtmplayer-link=\"https:\/\/rna.ao\/rna.ao\/2021\/06\/18\/girabola-baixa-de-cassanje-joga-no-luena-reduto-dos-maquis\/\"\n\t\t\t\t\t\tdata-qtmplayer-icon=\"file_download\"\n\t\t\t\t\t\tdata-qtmplayer-type=\"track\"\n\t\t\t class=\"qtmplayer-play qtmplayer-link-sec qtmplayer-play-btn\"><i class='material-icons'>play_arrow<\/i><\/span>\n\t\t<p>\n\t\t\t<span class=\"qtmplayer-tit\">Girabola: Baixa de Cassanje joga no Luena reduto dos Maquis<\/span>\n\t\t\t<span class=\"qtmplayer-art\">RNA<\/span>\n\t\t<\/p>\n\t<\/li>\n\t\t<\/ul>\n\t<\/div>\t\t\t\n\t\n<p>Fonte: R\u00e1dio 5\/RNA<\/p>\n<\/div>\n","protected":false},"excerpt":{"rendered":"<p>A Baixa de Cassanje de Malanje, vai neste s\u00e1bado, 19 de Junho, ao Luena, jogar, \u00e0s 15 horas e 30 minutos, com o Futebol Clube Bravos do Maqui. Embora jogar num terreno dif\u00edcil, a equipa malanjina, ambiciona a pontua\u00e7\u00e3o m\u00e1xima, de acordo com o Secret\u00e1rio Geral da agremia\u00e7\u00e3o, Filemon Mbaca ...<\/p>\n","protected":false},"author":8,"featured_media":17463,"comment_status":"closed","ping_status":"closed","sticky":false,"template":"","format":"standard","meta":[],"categories":[145,125,164],"tags":[],"_links":{"self":[{"href":"https:\/\/rna.ao\/rna.ao\/wp-json\/wp\/v2\/posts\/27997"}],"collection":[{"href":"https:\/\/rna.ao\/rna.ao\/wp-json\/wp\/v2\/posts"}],"about":[{"href":"https:\/\/rna.ao\/rna.ao\/wp-json\/wp\/v2\/types\/post"}],"author":[{"embeddable":true,"href":"https:\/\/rna.ao\/rna.ao\/wp-json\/wp\/v2\/users\/8"}],"replies":[{"embeddable":true,"href":"https:\/\/rna.ao\/rna.ao\/wp-json\/wp\/v2\/comments?post=27997"}],"version-history":[{"count":1,"href":"https:\/\/rna.ao\/rna.ao\/wp-json\/wp\/v2\/posts\/27997\/revisions"}],"predecessor-version":[{"id":28002,"href":"https:\/\/rna.ao\/rna.ao\/wp-json\/wp\/v2\/posts\/27997\/revisions\/28002"}],"wp:featuredmedia":[{"embeddable":true,"href":"https:\/\/rna.ao\/rna.ao\/wp-json\/wp\/v2\/media\/17463"}],"wp:attachment":[{"href":"https:\/\/rna.ao\/rna.ao\/wp-json\/wp\/v2\/media?parent=27997"}],"wp:term":[{"taxonomy":"category","embeddable":true,"href":"https:\/\/rna.ao\/rna.ao\/wp-json\/wp\/v2\/categories?post=27997"},{"taxonomy":"post_tag","embeddable":true,"href":"https:\/\/rna.ao\/rna.ao\/wp-json\/wp\/v2\/tags?post=27997"}],"curies":[{"name":"wp","href":"https:\/\/api.w.org\/{rel}","templated":true}]}}