{"id":27961,"date":"2021-06-17T13:22:07","date_gmt":"2021-06-17T12:22:07","guid":{"rendered":"https:\/\/rna.ao\/rna.ao\/?p=27961"},"modified":"2021-06-17T13:22:07","modified_gmt":"2021-06-17T12:22:07","slug":"policia-nacional-trabalha-para-por-fim-a-nova-onda-de-crimes-de-sequestro-no-pais","status":"publish","type":"post","link":"https:\/\/rna.ao\/rna.ao\/2021\/06\/17\/policia-nacional-trabalha-para-por-fim-a-nova-onda-de-crimes-de-sequestro-no-pais\/","title":{"rendered":"Pol\u00edcia Nacional trabalha para p\u00f4r fim \u00e0 nova onda de crimes de sequestro no pa\u00eds"},"content":{"rendered":"<p class=\"MsoNormal\" style=\"margin: 0px 0px 0.0001pt; color: #222222; font-family: Arial, Helvetica, sans-serif; font-size: small; text-align: justify;\"><span style=\"font-size: 14pt; line-height: 19.9733px; font-family: Tahoma, sans-serif;\"><img loading=\"lazy\" class=\"size-full wp-image-13846 alignleft\" src=\"https:\/\/rna.ao\/rna.ao\/wp-content\/uploads\/2020\/12\/Policia-Operacao.jpg\" alt=\"\" width=\"329\" height=\"153\" \/>A Pol\u00edcia Nacional est\u00e1 a trabalhar para por fim \u00e0 nova onde de crimes de sequestro, nas cidades do pa\u00eds. <\/span><span style=\"font-size: 14pt; line-height: 19.9733px; font-family: Tahoma, sans-serif;\">A criminalidade em Angola foi analisada, na edi\u00e7\u00e3o desta quinta-feira, 17 de Junho, do Espa\u00e7o Angola em Directo, do Programa Manh\u00e3 Informativa, que juntou cientistas nacionais, um representantes da Procuradoria Geral da Rep\u00fablica e a Pol\u00edcia Nacional. Ou\u00e7a, no \u00e1udio abaixo, o resumo do debate com o jornalista Jo\u00e3o Manuel:<\/span><\/p>\n\t<div class=\"qtmplayer-playlist-large\">\n\t\t<ul class=\"qtmplayer-playlist\">\n\t\t\t\n\t\t\t\t\t<li class=\"qtmplayer-trackitem\">\n\t\t<img src=\"https:\/\/rna.ao\/rna.ao\/wp-content\/uploads\/2020\/12\/Policia-Operacao-100x100.jpg\" alt=\"cover\">\t\t<span \t\t\tdata-qtmplayer-cover=\"https:\/\/rna.ao\/rna.ao\/wp-content\/uploads\/2020\/12\/Policia-Operacao.jpg\"\n\t\t\t\t\t\tdata-qtmplayer-file=\"https:\/\/rna.ao\/rna.ao\/wp-content\/uploads\/2021\/06\/JOAO-MANUEL-RESUMO-ANGOLA-DIRECTO-13HS-17-06-2021.mp3\"\n\t\t\t\t\t\tdata-qtmplayer-title=\"Pol\u00edcia Nacional trabalha para p\u00f4r fim \u00e0 nova onda de crimes de sequestro no pa\u00eds\"\n\t\t\t\t\t\tdata-qtmplayer-artist=\"RNA\"\n\t\t\t\t\t\tdata-qtmplayer-link=\"https:\/\/rna.ao\/rna.ao\/2021\/06\/17\/policia-nacional-trabalha-para-por-fim-a-nova-onda-de-crimes-de-sequestro-no-pais\/\"\n\t\t\t\t\t\tdata-qtmplayer-icon=\"file_download\"\n\t\t\t\t\t\tdata-qtmplayer-type=\"track\"\n\t\t\t class=\"qtmplayer-play qtmplayer-link-sec qtmplayer-play-btn\"><i class='material-icons'>play_arrow<\/i><\/span>\n\t\t<p>\n\t\t\t<span class=\"qtmplayer-tit\">Pol\u00edcia Nacional trabalha para p\u00f4r fim \u00e0 nova onda de crimes de sequestro no pa\u00eds<\/span>\n\t\t\t<span class=\"qtmplayer-art\">RNA<\/span>\n\t\t<\/p>\n\t<\/li>\n\t\t<\/ul>\n\t<\/div>\t\t\t\n\t\n<p>Fonte: RNA<\/p>\n","protected":false},"excerpt":{"rendered":"<p>A Pol\u00edcia Nacional est\u00e1 a trabalhar para por fim \u00e0 nova onde de crimes de sequestro, nas cidades do pa\u00eds. A criminalidade em Angola foi analisada, na edi\u00e7\u00e3o desta quinta-feira, 17 de Junho, do Espa\u00e7o Angola em Directo, do Programa Manh\u00e3 Informativa, que juntou cientistas nacionais, um representantes da Procuradoria ...<\/p>\n","protected":false},"author":8,"featured_media":13846,"comment_status":"closed","ping_status":"closed","sticky":false,"template":"","format":"standard","meta":[],"categories":[121,163],"tags":[],"_links":{"self":[{"href":"https:\/\/rna.ao\/rna.ao\/wp-json\/wp\/v2\/posts\/27961"}],"collection":[{"href":"https:\/\/rna.ao\/rna.ao\/wp-json\/wp\/v2\/posts"}],"about":[{"href":"https:\/\/rna.ao\/rna.ao\/wp-json\/wp\/v2\/types\/post"}],"author":[{"embeddable":true,"href":"https:\/\/rna.ao\/rna.ao\/wp-json\/wp\/v2\/users\/8"}],"replies":[{"embeddable":true,"href":"https:\/\/rna.ao\/rna.ao\/wp-json\/wp\/v2\/comments?post=27961"}],"version-history":[{"count":1,"href":"https:\/\/rna.ao\/rna.ao\/wp-json\/wp\/v2\/posts\/27961\/revisions"}],"predecessor-version":[{"id":27963,"href":"https:\/\/rna.ao\/rna.ao\/wp-json\/wp\/v2\/posts\/27961\/revisions\/27963"}],"wp:featuredmedia":[{"embeddable":true,"href":"https:\/\/rna.ao\/rna.ao\/wp-json\/wp\/v2\/media\/13846"}],"wp:attachment":[{"href":"https:\/\/rna.ao\/rna.ao\/wp-json\/wp\/v2\/media?parent=27961"}],"wp:term":[{"taxonomy":"category","embeddable":true,"href":"https:\/\/rna.ao\/rna.ao\/wp-json\/wp\/v2\/categories?post=27961"},{"taxonomy":"post_tag","embeddable":true,"href":"https:\/\/rna.ao\/rna.ao\/wp-json\/wp\/v2\/tags?post=27961"}],"curies":[{"name":"wp","href":"https:\/\/api.w.org\/{rel}","templated":true}]}}