{"id":27758,"date":"2021-06-16T06:25:20","date_gmt":"2021-06-16T05:25:20","guid":{"rendered":"https:\/\/rna.ao\/rna.ao\/?p=27758"},"modified":"2021-06-16T10:46:01","modified_gmt":"2021-06-16T09:46:01","slug":"27758","status":"publish","type":"post","link":"https:\/\/rna.ao\/rna.ao\/2021\/06\/16\/27758\/","title":{"rendered":"Conselho Nacional de Via\u00e7\u00e3o e Tr\u00e2nsito analisa grau de execu\u00e7\u00e3o da Estrat\u00e9gia do \u00f3rg\u00e3o do per\u00edodo 2019-2022"},"content":{"rendered":"<p><img loading=\"lazy\" class=\"size-full wp-image-16549 alignleft\" src=\"https:\/\/rna.ao\/rna.ao\/wp-content\/uploads\/2021\/02\/Bornito-de-Sousa-03-02.jpg\" alt=\"\" width=\"292\" height=\"195\" \/><\/p>\n<p>O Vice-Presidente da Rep\u00fablica, Bornito de Sousa, preside esta quarta-feira, 16 de Junho, a primeira Sess\u00e3o Ordin\u00e1ria do Conselho Nacional de Via\u00e7\u00e3o e Tr\u00e2nsito.<\/p>\n<p>Consta da agenda de trabalhos, a an\u00e1lise do grau de execu\u00e7\u00e3o da Estrat\u00e9gia Nacional de Preven\u00e7\u00e3o e Seguran\u00e7a Rodovi\u00e1ria 2019-2022, a cria\u00e7\u00e3o de condi\u00e7\u00f5es nos hospitais de refer\u00eancia para a realiza\u00e7\u00e3o de testes de \u00e1lcool no sangue, bem como a avalia\u00e7\u00e3o de Angola no processo de integra\u00e7\u00e3o regional, no \u00e2mbito do Programa tripartido e facilita\u00e7\u00e3o de tr\u00e2nsito.<\/p>\n<p>O Conselho Nacional de Via\u00e7\u00e3o e Ordenamento do Tr\u00e2nsito \u00e9 o \u00f3rg\u00e3o de consulta do Titular do Poder Executivo em mat\u00e9rias relativas \u00e0 Via\u00e7\u00e3o e Ordenamento do Tr\u00e2nsito a n\u00edvel nacional.<\/p>\n<p>Compete ao Conselho Nacional de Via\u00e7\u00e3o e Ordenamento do Tr\u00e2nsito, entre outras atribui\u00e7\u00f5es, promover a seguran\u00e7a do tr\u00e2nsito rodovi\u00e1rio e propor a aprova\u00e7\u00e3o de leis e de outras medidas destinadas a resolver os problemas do tr\u00e2nsito rodovi\u00e1rio.<\/p>\n<p>Fonte: RNA<\/p>\n","protected":false},"excerpt":{"rendered":"<p>O Vice-Presidente da Rep\u00fablica, Bornito de Sousa, preside esta quarta-feira, 16 de Junho, a primeira Sess\u00e3o Ordin\u00e1ria do Conselho Nacional de Via\u00e7\u00e3o e Tr\u00e2nsito. Consta da agenda de trabalhos, a an\u00e1lise do grau de execu\u00e7\u00e3o da Estrat\u00e9gia Nacional de Preven\u00e7\u00e3o e Seguran\u00e7a Rodovi\u00e1ria 2019-2022, a cria\u00e7\u00e3o de condi\u00e7\u00f5es nos hospitais ...<\/p>\n","protected":false},"author":8,"featured_media":16549,"comment_status":"closed","ping_status":"closed","sticky":false,"template":"","format":"standard","meta":[],"categories":[121,163],"tags":[],"_links":{"self":[{"href":"https:\/\/rna.ao\/rna.ao\/wp-json\/wp\/v2\/posts\/27758"}],"collection":[{"href":"https:\/\/rna.ao\/rna.ao\/wp-json\/wp\/v2\/posts"}],"about":[{"href":"https:\/\/rna.ao\/rna.ao\/wp-json\/wp\/v2\/types\/post"}],"author":[{"embeddable":true,"href":"https:\/\/rna.ao\/rna.ao\/wp-json\/wp\/v2\/users\/8"}],"replies":[{"embeddable":true,"href":"https:\/\/rna.ao\/rna.ao\/wp-json\/wp\/v2\/comments?post=27758"}],"version-history":[{"count":4,"href":"https:\/\/rna.ao\/rna.ao\/wp-json\/wp\/v2\/posts\/27758\/revisions"}],"predecessor-version":[{"id":27797,"href":"https:\/\/rna.ao\/rna.ao\/wp-json\/wp\/v2\/posts\/27758\/revisions\/27797"}],"wp:featuredmedia":[{"embeddable":true,"href":"https:\/\/rna.ao\/rna.ao\/wp-json\/wp\/v2\/media\/16549"}],"wp:attachment":[{"href":"https:\/\/rna.ao\/rna.ao\/wp-json\/wp\/v2\/media?parent=27758"}],"wp:term":[{"taxonomy":"category","embeddable":true,"href":"https:\/\/rna.ao\/rna.ao\/wp-json\/wp\/v2\/categories?post=27758"},{"taxonomy":"post_tag","embeddable":true,"href":"https:\/\/rna.ao\/rna.ao\/wp-json\/wp\/v2\/tags?post=27758"}],"curies":[{"name":"wp","href":"https:\/\/api.w.org\/{rel}","templated":true}]}}