{"id":27753,"date":"2021-06-16T07:44:55","date_gmt":"2021-06-16T06:44:55","guid":{"rendered":"https:\/\/rna.ao\/rna.ao\/?p=27753"},"modified":"2021-06-16T07:44:55","modified_gmt":"2021-06-16T06:44:55","slug":"unita-exige-reforco-das-condicoes-de-trabalho-e-verbas-nos-hospitais-para-evitar-colapso-no-sistema-de-saude","status":"publish","type":"post","link":"https:\/\/rna.ao\/rna.ao\/2021\/06\/16\/unita-exige-reforco-das-condicoes-de-trabalho-e-verbas-nos-hospitais-para-evitar-colapso-no-sistema-de-saude\/","title":{"rendered":"UNITA exige refor\u00e7o das condi\u00e7\u00f5es de trabalho e verbas nos Hospitais para evitar colapso no sistema de sa\u00fade"},"content":{"rendered":"<p><img loading=\"lazy\" class=\" wp-image-10074 alignleft\" src=\"https:\/\/rna.ao\/rna.ao\/wp-content\/uploads\/2020\/10\/Bandeira-UNITA.jpg\" alt=\"\" width=\"520\" height=\"329\" \/>A UNITA reconhece o enorme esfor\u00e7o que est\u00e1 a ser desenvolvido pelos m\u00e9dicos, enfermeiros e outro pessoal de sa\u00fade, na redu\u00e7\u00e3o dos efeitos nefastos provocados pela mal\u00e1ria.<\/p>\n<p>Em comunicado de imprensa, o Comit\u00e9 Permanente da Comiss\u00e3o Pol\u00edtica da UNITA recomenda, \u00e0s autoridades sanit\u00e1rias, a ouvirem os conselhos dos profissionais de sa\u00fade, representados em organiza\u00e7\u00f5es como Sindicatos de M\u00e9dicos e a Ordem dos Enfermeiros, que preocupados com a actual situa\u00e7\u00e3o, h\u00e1 muito tornaram p\u00fablica a sua preocupa\u00e7\u00e3o.<\/p>\n<p>A UNITA exige, ao Executivo, o refor\u00e7o das condi\u00e7\u00f5es de trabalho dos Hospitais, incluindo o refor\u00e7o de verbas aos servi\u00e7os de sa\u00fade, de modo a permitir enfrentar melhor a situa\u00e7\u00e3o.<\/p>\n<p>Face ao evidente colapso de todo o sistema de sa\u00fade, no pa\u00eds, a UNITA apela ao esfor\u00e7o conjugado de todos, no sentido de urgentemente exigir-se ao Executivo a convoca\u00e7\u00e3o de uma Confer\u00eancia Nacional, para a reforma de todo o sistema de sa\u00fade do nosso pa\u00eds.<\/p>\n","protected":false},"excerpt":{"rendered":"<p>A UNITA reconhece o enorme esfor\u00e7o que est\u00e1 a ser desenvolvido pelos m\u00e9dicos, enfermeiros e outro pessoal de sa\u00fade, na redu\u00e7\u00e3o dos efeitos nefastos provocados pela mal\u00e1ria. Em comunicado de imprensa, o Comit\u00e9 Permanente da Comiss\u00e3o Pol\u00edtica da UNITA recomenda, \u00e0s autoridades sanit\u00e1rias, a ouvirem os conselhos dos profissionais de ...<\/p>\n","protected":false},"author":8,"featured_media":10074,"comment_status":"closed","ping_status":"closed","sticky":false,"template":"","format":"standard","meta":[],"categories":[121,163],"tags":[],"_links":{"self":[{"href":"https:\/\/rna.ao\/rna.ao\/wp-json\/wp\/v2\/posts\/27753"}],"collection":[{"href":"https:\/\/rna.ao\/rna.ao\/wp-json\/wp\/v2\/posts"}],"about":[{"href":"https:\/\/rna.ao\/rna.ao\/wp-json\/wp\/v2\/types\/post"}],"author":[{"embeddable":true,"href":"https:\/\/rna.ao\/rna.ao\/wp-json\/wp\/v2\/users\/8"}],"replies":[{"embeddable":true,"href":"https:\/\/rna.ao\/rna.ao\/wp-json\/wp\/v2\/comments?post=27753"}],"version-history":[{"count":1,"href":"https:\/\/rna.ao\/rna.ao\/wp-json\/wp\/v2\/posts\/27753\/revisions"}],"predecessor-version":[{"id":27754,"href":"https:\/\/rna.ao\/rna.ao\/wp-json\/wp\/v2\/posts\/27753\/revisions\/27754"}],"wp:featuredmedia":[{"embeddable":true,"href":"https:\/\/rna.ao\/rna.ao\/wp-json\/wp\/v2\/media\/10074"}],"wp:attachment":[{"href":"https:\/\/rna.ao\/rna.ao\/wp-json\/wp\/v2\/media?parent=27753"}],"wp:term":[{"taxonomy":"category","embeddable":true,"href":"https:\/\/rna.ao\/rna.ao\/wp-json\/wp\/v2\/categories?post=27753"},{"taxonomy":"post_tag","embeddable":true,"href":"https:\/\/rna.ao\/rna.ao\/wp-json\/wp\/v2\/tags?post=27753"}],"curies":[{"name":"wp","href":"https:\/\/api.w.org\/{rel}","templated":true}]}}