{"id":27749,"date":"2021-06-16T07:54:16","date_gmt":"2021-06-16T06:54:16","guid":{"rendered":"https:\/\/rna.ao\/rna.ao\/?p=27749"},"modified":"2021-06-16T07:54:16","modified_gmt":"2021-06-16T06:54:16","slug":"dia-internacional-da-crianca-africana-inac-preocupado-com-o-abuso-dos-direitos-da-crianca-em-angola","status":"publish","type":"post","link":"https:\/\/rna.ao\/rna.ao\/2021\/06\/16\/dia-internacional-da-crianca-africana-inac-preocupado-com-o-abuso-dos-direitos-da-crianca-em-angola\/","title":{"rendered":"Dia Internacional da Crian\u00e7a Africana: INAC preocupado com o abuso dos direitos da crian\u00e7a em Angola"},"content":{"rendered":"<p><img loading=\"lazy\" class=\"size-full wp-image-27756 alignleft\" src=\"https:\/\/rna.ao\/rna.ao\/wp-content\/uploads\/2021\/06\/Criancas-Africanas.jpg\" alt=\"\" width=\"314\" height=\"242\" \/>O Instituto Nacional da Crian\u00e7a (INAC) diz que os n\u00fameros referente ao abuso dos direitos da crian\u00e7a, ainda s\u00e3o preocupantes. Por outro lado, a Institui\u00e7\u00e3o afirma que a cultura da den\u00fancia cresceu, consideravelmente, em todo o pa\u00eds, com a entrada em funcionamento da linha SOS Crian\u00e7a 15015, que esta quarta-feira, 16 de Junho, completa um ano desde a sua entrada em funcionamento. Ou\u00e7a, no \u00e1udio abaixo, mais dados com o jornalista Adriano Belmiro:<\/p>\n\t<div class=\"qtmplayer-playlist-large\">\n\t\t<ul class=\"qtmplayer-playlist\">\n\t\t\t\n\t\t\t\t\t<li class=\"qtmplayer-trackitem\">\n\t\t<img src=\"https:\/\/rna.ao\/rna.ao\/wp-content\/uploads\/2021\/06\/Criancas-Africanas-100x100.jpg\" alt=\"cover\">\t\t<span \t\t\tdata-qtmplayer-cover=\"https:\/\/rna.ao\/rna.ao\/wp-content\/uploads\/2021\/06\/Criancas-Africanas.jpg\"\n\t\t\t\t\t\tdata-qtmplayer-file=\"https:\/\/rna.ao\/rna.ao\/wp-content\/uploads\/2021\/06\/ADRIANO-BELMIRO-INAC-7HRS.mp3\"\n\t\t\t\t\t\tdata-qtmplayer-title=\"Dia Internacional da Crian\u00e7a Africana: INAC preocupado com o abuso dos direitos da crian\u00e7a em Angola\"\n\t\t\t\t\t\tdata-qtmplayer-artist=\"RNA\"\n\t\t\t\t\t\tdata-qtmplayer-link=\"https:\/\/rna.ao\/rna.ao\/2021\/06\/16\/dia-internacional-da-crianca-africana-inac-preocupado-com-o-abuso-dos-direitos-da-crianca-em-angola\/\"\n\t\t\t\t\t\tdata-qtmplayer-icon=\"file_download\"\n\t\t\t\t\t\tdata-qtmplayer-type=\"track\"\n\t\t\t class=\"qtmplayer-play qtmplayer-link-sec qtmplayer-play-btn\"><i class='material-icons'>play_arrow<\/i><\/span>\n\t\t<p>\n\t\t\t<span class=\"qtmplayer-tit\">Dia Internacional da Crian\u00e7a Africana: INAC preocupado com o abuso dos direitos da crian\u00e7a em Angola<\/span>\n\t\t\t<span class=\"qtmplayer-art\">RNA<\/span>\n\t\t<\/p>\n\t<\/li>\n\t\t<\/ul>\n\t<\/div>\t\t\t\n\t\n<p>Fonte: RNA<\/p>\n","protected":false},"excerpt":{"rendered":"<p>O Instituto Nacional da Crian\u00e7a (INAC) diz que os n\u00fameros referente ao abuso dos direitos da crian\u00e7a, ainda s\u00e3o preocupantes. Por outro lado, a Institui\u00e7\u00e3o afirma que a cultura da den\u00fancia cresceu, consideravelmente, em todo o pa\u00eds, com a entrada em funcionamento da linha SOS Crian\u00e7a 15015, que esta quarta-feira, ...<\/p>\n","protected":false},"author":8,"featured_media":27756,"comment_status":"closed","ping_status":"closed","sticky":false,"template":"","format":"standard","meta":[],"categories":[121,163],"tags":[],"_links":{"self":[{"href":"https:\/\/rna.ao\/rna.ao\/wp-json\/wp\/v2\/posts\/27749"}],"collection":[{"href":"https:\/\/rna.ao\/rna.ao\/wp-json\/wp\/v2\/posts"}],"about":[{"href":"https:\/\/rna.ao\/rna.ao\/wp-json\/wp\/v2\/types\/post"}],"author":[{"embeddable":true,"href":"https:\/\/rna.ao\/rna.ao\/wp-json\/wp\/v2\/users\/8"}],"replies":[{"embeddable":true,"href":"https:\/\/rna.ao\/rna.ao\/wp-json\/wp\/v2\/comments?post=27749"}],"version-history":[{"count":1,"href":"https:\/\/rna.ao\/rna.ao\/wp-json\/wp\/v2\/posts\/27749\/revisions"}],"predecessor-version":[{"id":27757,"href":"https:\/\/rna.ao\/rna.ao\/wp-json\/wp\/v2\/posts\/27749\/revisions\/27757"}],"wp:featuredmedia":[{"embeddable":true,"href":"https:\/\/rna.ao\/rna.ao\/wp-json\/wp\/v2\/media\/27756"}],"wp:attachment":[{"href":"https:\/\/rna.ao\/rna.ao\/wp-json\/wp\/v2\/media?parent=27749"}],"wp:term":[{"taxonomy":"category","embeddable":true,"href":"https:\/\/rna.ao\/rna.ao\/wp-json\/wp\/v2\/categories?post=27749"},{"taxonomy":"post_tag","embeddable":true,"href":"https:\/\/rna.ao\/rna.ao\/wp-json\/wp\/v2\/tags?post=27749"}],"curies":[{"name":"wp","href":"https:\/\/api.w.org\/{rel}","templated":true}]}}