{"id":27733,"date":"2021-06-16T06:50:40","date_gmt":"2021-06-16T05:50:40","guid":{"rendered":"https:\/\/rna.ao\/rna.ao\/?p=27733"},"modified":"2021-06-16T06:50:40","modified_gmt":"2021-06-16T05:50:40","slug":"cooperativas-de-ex-militares-no-cunene-recebem-tratores-e-alfaias-para-dinamizar-o-agronegocio","status":"publish","type":"post","link":"https:\/\/rna.ao\/rna.ao\/2021\/06\/16\/cooperativas-de-ex-militares-no-cunene-recebem-tratores-e-alfaias-para-dinamizar-o-agronegocio\/","title":{"rendered":"Cooperativas de ex-militares no Cunene recebem tratores e alfaias para dinamizar o agroneg\u00f3cio"},"content":{"rendered":"<p><img loading=\"lazy\" class=\"size-full wp-image-25175 alignleft\" src=\"https:\/\/rna.ao\/rna.ao\/wp-content\/uploads\/2021\/05\/Tractores-de-agricultura.jpg\" alt=\"\" width=\"308\" height=\"185\" \/>V\u00e1rias Cooperativas Agr\u00edcolas, de ex-militares, na Prov\u00edncia do Cunene, beneficiaram de tratores e alfaias, numa iniciativa do Presidente da Rep\u00fablica, Jo\u00e3o Louren\u00e7o. O plano, visa distribuir, por todo o pa\u00eds, 500 tratores e as respetivas alfaias, para dinamizar o agroneg\u00f3cio e combater a fome e a pobreza. Saiba mais dados, no \u00e1udio abaixo, com o rep\u00f3rter Fernando Noel:<\/p>\n\t<div class=\"qtmplayer-playlist-large\">\n\t\t<ul class=\"qtmplayer-playlist\">\n\t\t\t\n\t\t\t\t\t<li class=\"qtmplayer-trackitem\">\n\t\t<img src=\"https:\/\/rna.ao\/rna.ao\/wp-content\/uploads\/2021\/05\/Tractores-de-agricultura-100x100.jpg\" alt=\"cover\">\t\t<span \t\t\tdata-qtmplayer-cover=\"https:\/\/rna.ao\/rna.ao\/wp-content\/uploads\/2021\/05\/Tractores-de-agricultura.jpg\"\n\t\t\t\t\t\tdata-qtmplayer-file=\"https:\/\/rna.ao\/rna.ao\/wp-content\/uploads\/2021\/06\/CUNENE-TRACTORES-06HRS.mp3\"\n\t\t\t\t\t\tdata-qtmplayer-title=\"Cooperativas de ex-militares no Cunene recebem tratores e alfaias para dinamizar o agroneg\u00f3cio\"\n\t\t\t\t\t\tdata-qtmplayer-artist=\"RNA\"\n\t\t\t\t\t\tdata-qtmplayer-link=\"https:\/\/rna.ao\/rna.ao\/2021\/06\/16\/cooperativas-de-ex-militares-no-cunene-recebem-tratores-e-alfaias-para-dinamizar-o-agronegocio\/\"\n\t\t\t\t\t\tdata-qtmplayer-icon=\"file_download\"\n\t\t\t\t\t\tdata-qtmplayer-type=\"track\"\n\t\t\t class=\"qtmplayer-play qtmplayer-link-sec qtmplayer-play-btn\"><i class='material-icons'>play_arrow<\/i><\/span>\n\t\t<p>\n\t\t\t<span class=\"qtmplayer-tit\">Cooperativas de ex-militares no Cunene recebem tratores e alfaias para dinamizar o agroneg\u00f3cio<\/span>\n\t\t\t<span class=\"qtmplayer-art\">RNA<\/span>\n\t\t<\/p>\n\t<\/li>\n\t\t<\/ul>\n\t<\/div>\t\t\t\n\t\n<p>Fonte: RNA<\/p>\n","protected":false},"excerpt":{"rendered":"<p>V\u00e1rias Cooperativas Agr\u00edcolas, de ex-militares, na Prov\u00edncia do Cunene, beneficiaram de tratores e alfaias, numa iniciativa do Presidente da Rep\u00fablica, Jo\u00e3o Louren\u00e7o. O plano, visa distribuir, por todo o pa\u00eds, 500 tratores e as respetivas alfaias, para dinamizar o agroneg\u00f3cio e combater a fome e a pobreza. Saiba mais dados, ...<\/p>\n","protected":false},"author":8,"featured_media":25175,"comment_status":"closed","ping_status":"closed","sticky":false,"template":"","format":"standard","meta":[],"categories":[142,121,163],"tags":[],"_links":{"self":[{"href":"https:\/\/rna.ao\/rna.ao\/wp-json\/wp\/v2\/posts\/27733"}],"collection":[{"href":"https:\/\/rna.ao\/rna.ao\/wp-json\/wp\/v2\/posts"}],"about":[{"href":"https:\/\/rna.ao\/rna.ao\/wp-json\/wp\/v2\/types\/post"}],"author":[{"embeddable":true,"href":"https:\/\/rna.ao\/rna.ao\/wp-json\/wp\/v2\/users\/8"}],"replies":[{"embeddable":true,"href":"https:\/\/rna.ao\/rna.ao\/wp-json\/wp\/v2\/comments?post=27733"}],"version-history":[{"count":1,"href":"https:\/\/rna.ao\/rna.ao\/wp-json\/wp\/v2\/posts\/27733\/revisions"}],"predecessor-version":[{"id":27735,"href":"https:\/\/rna.ao\/rna.ao\/wp-json\/wp\/v2\/posts\/27733\/revisions\/27735"}],"wp:featuredmedia":[{"embeddable":true,"href":"https:\/\/rna.ao\/rna.ao\/wp-json\/wp\/v2\/media\/25175"}],"wp:attachment":[{"href":"https:\/\/rna.ao\/rna.ao\/wp-json\/wp\/v2\/media?parent=27733"}],"wp:term":[{"taxonomy":"category","embeddable":true,"href":"https:\/\/rna.ao\/rna.ao\/wp-json\/wp\/v2\/categories?post=27733"},{"taxonomy":"post_tag","embeddable":true,"href":"https:\/\/rna.ao\/rna.ao\/wp-json\/wp\/v2\/tags?post=27733"}],"curies":[{"name":"wp","href":"https:\/\/api.w.org\/{rel}","templated":true}]}}