{"id":27395,"date":"2021-06-13T07:51:00","date_gmt":"2021-06-13T06:51:00","guid":{"rendered":"https:\/\/rna.ao\/rna.ao\/?p=27395"},"modified":"2021-06-13T07:51:00","modified_gmt":"2021-06-13T06:51:00","slug":"ordem-dos-medicos-de-angola-defende-reducao-gradual-de-medicos-expatriados-ate-2027","status":"publish","type":"post","link":"https:\/\/rna.ao\/rna.ao\/2021\/06\/13\/ordem-dos-medicos-de-angola-defende-reducao-gradual-de-medicos-expatriados-ate-2027\/","title":{"rendered":"Ordem dos M\u00e9dicos de Angola defende redu\u00e7\u00e3o gradual de m\u00e9dicos expatriados at\u00e9 2027"},"content":{"rendered":"<p><img loading=\"lazy\" class=\"size-full wp-image-27397 alignleft\" src=\"https:\/\/rna.ao\/rna.ao\/wp-content\/uploads\/2021\/06\/Elisa-Gaspar.jpg\" alt=\"\" width=\"620\" height=\"355\" \/>O Conselho de Governa\u00e7\u00e3o Local, recentemente reunido na Prov\u00edncia do Bengo, defendeu a forma\u00e7\u00e3o acelerada de m\u00e9dicos especialistas nacionais, com vista a diminui\u00e7\u00e3o gradual de contingente expatriado at\u00e9 2027. A medida, resulta do trabalho feito pelo Minist\u00e9rio da Sa\u00fade, Ordem dos M\u00e9dicos e os Presidentes dos col\u00e9gios de v\u00e1rias especialidades. A Baston\u00e1ria da Ordem dos M\u00e9dicos, Elisa Gaspar, considera que a estrat\u00e9gia de forma\u00e7\u00e3o especializada de m\u00e9dicos angolanos, vai trazer enorme ganho para o pa\u00eds. Clique no \u00e1udio e ou\u00e7a:<\/p>\n\t<div class=\"qtmplayer-playlist-large\">\n\t\t<ul class=\"qtmplayer-playlist\">\n\t\t\t\n\t\t\t\t\t<li class=\"qtmplayer-trackitem\">\n\t\t<img src=\"https:\/\/rna.ao\/rna.ao\/wp-content\/uploads\/2021\/06\/Elisa-Gaspar-1-100x100.jpg\" alt=\"cover\">\t\t<span \t\t\tdata-qtmplayer-cover=\"https:\/\/rna.ao\/rna.ao\/wp-content\/uploads\/2021\/06\/Elisa-Gaspar-1.jpg\"\n\t\t\t\t\t\tdata-qtmplayer-file=\"https:\/\/rna.ao\/rna.ao\/wp-content\/uploads\/2021\/06\/ELISA-GASPAR-07HRS.mp3\"\n\t\t\t\t\t\tdata-qtmplayer-title=\"Ordem dos M\u00e9dicos de Angola defende redu\u00e7\u00e3o gradual de m\u00e9dicos expatriados at\u00e9 2027\"\n\t\t\t\t\t\tdata-qtmplayer-artist=\"RNA\"\n\t\t\t\t\t\tdata-qtmplayer-link=\"https:\/\/rna.ao\/rna.ao\/2021\/06\/13\/ordem-dos-medicos-de-angola-defende-reducao-gradual-de-medicos-expatriados-ate-2027\/\"\n\t\t\t\t\t\tdata-qtmplayer-icon=\"file_download\"\n\t\t\t\t\t\tdata-qtmplayer-type=\"track\"\n\t\t\t class=\"qtmplayer-play qtmplayer-link-sec qtmplayer-play-btn\"><i class='material-icons'>play_arrow<\/i><\/span>\n\t\t<p>\n\t\t\t<span class=\"qtmplayer-tit\">Ordem dos M\u00e9dicos de Angola defende redu\u00e7\u00e3o gradual de m\u00e9dicos expatriados at\u00e9 2027<\/span>\n\t\t\t<span class=\"qtmplayer-art\">RNA<\/span>\n\t\t<\/p>\n\t<\/li>\n\t\t<\/ul>\n\t<\/div>\t\t\t\n\t\n<p>Fonte: RNA<\/p>\n","protected":false},"excerpt":{"rendered":"<p>O Conselho de Governa\u00e7\u00e3o Local, recentemente reunido na Prov\u00edncia do Bengo, defendeu a forma\u00e7\u00e3o acelerada de m\u00e9dicos especialistas nacionais, com vista a diminui\u00e7\u00e3o gradual de contingente expatriado at\u00e9 2027. A medida, resulta do trabalho feito pelo Minist\u00e9rio da Sa\u00fade, Ordem dos M\u00e9dicos e os Presidentes dos col\u00e9gios de v\u00e1rias especialidades. ...<\/p>\n","protected":false},"author":8,"featured_media":27398,"comment_status":"closed","ping_status":"closed","sticky":false,"template":"","format":"standard","meta":[],"categories":[142,121,163],"tags":[],"_links":{"self":[{"href":"https:\/\/rna.ao\/rna.ao\/wp-json\/wp\/v2\/posts\/27395"}],"collection":[{"href":"https:\/\/rna.ao\/rna.ao\/wp-json\/wp\/v2\/posts"}],"about":[{"href":"https:\/\/rna.ao\/rna.ao\/wp-json\/wp\/v2\/types\/post"}],"author":[{"embeddable":true,"href":"https:\/\/rna.ao\/rna.ao\/wp-json\/wp\/v2\/users\/8"}],"replies":[{"embeddable":true,"href":"https:\/\/rna.ao\/rna.ao\/wp-json\/wp\/v2\/comments?post=27395"}],"version-history":[{"count":1,"href":"https:\/\/rna.ao\/rna.ao\/wp-json\/wp\/v2\/posts\/27395\/revisions"}],"predecessor-version":[{"id":27399,"href":"https:\/\/rna.ao\/rna.ao\/wp-json\/wp\/v2\/posts\/27395\/revisions\/27399"}],"wp:featuredmedia":[{"embeddable":true,"href":"https:\/\/rna.ao\/rna.ao\/wp-json\/wp\/v2\/media\/27398"}],"wp:attachment":[{"href":"https:\/\/rna.ao\/rna.ao\/wp-json\/wp\/v2\/media?parent=27395"}],"wp:term":[{"taxonomy":"category","embeddable":true,"href":"https:\/\/rna.ao\/rna.ao\/wp-json\/wp\/v2\/categories?post=27395"},{"taxonomy":"post_tag","embeddable":true,"href":"https:\/\/rna.ao\/rna.ao\/wp-json\/wp\/v2\/tags?post=27395"}],"curies":[{"name":"wp","href":"https:\/\/api.w.org\/{rel}","templated":true}]}}