{"id":27389,"date":"2021-06-13T08:03:49","date_gmt":"2021-06-13T07:03:49","guid":{"rendered":"https:\/\/rna.ao\/rna.ao\/?p=27389"},"modified":"2021-06-13T08:03:49","modified_gmt":"2021-06-13T07:03:49","slug":"comandante-geral-da-policia-denuncia-existencia-de-pessoas-na-corporacao-a-tentarem-enfraquecer-actividade-operativa","status":"publish","type":"post","link":"https:\/\/rna.ao\/rna.ao\/2021\/06\/13\/comandante-geral-da-policia-denuncia-existencia-de-pessoas-na-corporacao-a-tentarem-enfraquecer-actividade-operativa\/","title":{"rendered":"Comandante Geral da Pol\u00edcia denuncia exist\u00eancia de pessoas na corpora\u00e7\u00e3o a tentarem enfraquecer actividade operativa"},"content":{"rendered":"<p><img loading=\"lazy\" class=\"size-full wp-image-27402 alignleft\" src=\"https:\/\/rna.ao\/rna.ao\/wp-content\/uploads\/2021\/06\/Paulo-de-Almeida.jpg\" alt=\"\" width=\"275\" height=\"183\" \/>O Comandante Geral da Pol\u00edcia Nacional, Paulo de Almeida, denuncia a exist\u00eancia de pessoas, no seio da corpora\u00e7\u00e3o, interessadas no enfraquecimento das actividades operativas. O Comiss\u00e1rio Geral, Paulo de Almeida, fez esta den\u00fancia, durante a cerim\u00f3nia do vig\u00e9simo quinto anivers\u00e1rio da Policia Fiscal, e abertura do primeiro curso para chefes de postos de Pol\u00edcia Aduaneira. Segundo Paulo de Almeida, que n\u00e3o aponta nomes, diz que estas pessoas est\u00e3o ainda associadas a elementos externos \u00e0 policia. Clique no \u00e1udio e ou\u00e7a:<\/p>\n\t<div class=\"qtmplayer-playlist-large\">\n\t\t<ul class=\"qtmplayer-playlist\">\n\t\t\t\n\t\t\t\t\t<li class=\"qtmplayer-trackitem\">\n\t\t<img src=\"https:\/\/rna.ao\/rna.ao\/wp-content\/uploads\/2021\/06\/Paulo-de-Almeida-100x100.jpg\" alt=\"cover\">\t\t<span \t\t\tdata-qtmplayer-cover=\"https:\/\/rna.ao\/rna.ao\/wp-content\/uploads\/2021\/06\/Paulo-de-Almeida.jpg\"\n\t\t\t\t\t\tdata-qtmplayer-file=\"https:\/\/rna.ao\/rna.ao\/wp-content\/uploads\/2021\/06\/PAULO-DE-ALMEIDA-1-07HRS.mp3\"\n\t\t\t\t\t\tdata-qtmplayer-title=\"Comandante Geral da Pol\u00edcia denuncia exist\u00eancia de pessoas na corpora\u00e7\u00e3o a tentarem enfraquecer actividade operativa\"\n\t\t\t\t\t\tdata-qtmplayer-artist=\"RNA\"\n\t\t\t\t\t\tdata-qtmplayer-link=\"https:\/\/rna.ao\/rna.ao\/2021\/06\/13\/comandante-geral-da-policia-denuncia-existencia-de-pessoas-na-corporacao-a-tentarem-enfraquecer-actividade-operativa\/\"\n\t\t\t\t\t\tdata-qtmplayer-icon=\"file_download\"\n\t\t\t\t\t\tdata-qtmplayer-type=\"track\"\n\t\t\t class=\"qtmplayer-play qtmplayer-link-sec qtmplayer-play-btn\"><i class='material-icons'>play_arrow<\/i><\/span>\n\t\t<p>\n\t\t\t<span class=\"qtmplayer-tit\">Comandante Geral da Pol\u00edcia denuncia exist\u00eancia de pessoas na corpora\u00e7\u00e3o a tentarem enfraquecer actividade operativa<\/span>\n\t\t\t<span class=\"qtmplayer-art\">RNA<\/span>\n\t\t<\/p>\n\t<\/li>\n\t\t<\/ul>\n\t<\/div>\t\t\t\n\t\n<p>Durante o seu discurso, O Comiss\u00e1rio Geral da Pol\u00edcia Nacional, elogiou o agente da corpora\u00e7\u00e3o, Nicolau Puna Sebasti\u00e3o, que no passado m\u00eas de Maio, rejeitou uma tentativa de suborno por um taxista. O Comandante Geral, promoveu o agente e recomenda aos outros colegas a seguirem o exemplo. Clique no \u00e1udio e ou\u00e7a:<\/p>\n\t<div class=\"qtmplayer-playlist-large\">\n\t\t<ul class=\"qtmplayer-playlist\">\n\t\t\t\n\t\t\t\t\t<li class=\"qtmplayer-trackitem\">\n\t\t<img src=\"https:\/\/rna.ao\/rna.ao\/wp-content\/uploads\/2021\/06\/Paulo-de-Almeida-100x100.jpg\" alt=\"cover\">\t\t<span \t\t\tdata-qtmplayer-cover=\"https:\/\/rna.ao\/rna.ao\/wp-content\/uploads\/2021\/06\/Paulo-de-Almeida.jpg\"\n\t\t\t\t\t\tdata-qtmplayer-file=\"https:\/\/rna.ao\/rna.ao\/wp-content\/uploads\/2021\/06\/PAULO-DE-ALMEIDA-2-07HRS.mp3\"\n\t\t\t\t\t\tdata-qtmplayer-title=\"Comandante Geral da Pol\u00edcia denuncia exist\u00eancia de pessoas na corpora\u00e7\u00e3o a tentarem enfraquecer actividade operativa\"\n\t\t\t\t\t\tdata-qtmplayer-artist=\"RNA\"\n\t\t\t\t\t\tdata-qtmplayer-link=\"https:\/\/rna.ao\/rna.ao\/2021\/06\/13\/comandante-geral-da-policia-denuncia-existencia-de-pessoas-na-corporacao-a-tentarem-enfraquecer-actividade-operativa\/\"\n\t\t\t\t\t\tdata-qtmplayer-icon=\"file_download\"\n\t\t\t\t\t\tdata-qtmplayer-type=\"track\"\n\t\t\t class=\"qtmplayer-play qtmplayer-link-sec qtmplayer-play-btn\"><i class='material-icons'>play_arrow<\/i><\/span>\n\t\t<p>\n\t\t\t<span class=\"qtmplayer-tit\">Comandante Geral da Pol\u00edcia denuncia exist\u00eancia de pessoas na corpora\u00e7\u00e3o a tentarem enfraquecer actividade operativa<\/span>\n\t\t\t<span class=\"qtmplayer-art\">RNA<\/span>\n\t\t<\/p>\n\t<\/li>\n\t\t<\/ul>\n\t<\/div>\t\t\t\n\t\n<p>Fonte: RNA<\/p>\n<p>&nbsp;<\/p>\n","protected":false},"excerpt":{"rendered":"<p>O Comandante Geral da Pol\u00edcia Nacional, Paulo de Almeida, denuncia a exist\u00eancia de pessoas, no seio da corpora\u00e7\u00e3o, interessadas no enfraquecimento das actividades operativas. O Comiss\u00e1rio Geral, Paulo de Almeida, fez esta den\u00fancia, durante a cerim\u00f3nia do vig\u00e9simo quinto anivers\u00e1rio da Policia Fiscal, e abertura do primeiro curso para chefes ...<\/p>\n","protected":false},"author":8,"featured_media":27402,"comment_status":"closed","ping_status":"closed","sticky":false,"template":"","format":"standard","meta":[],"categories":[142,121,163],"tags":[],"_links":{"self":[{"href":"https:\/\/rna.ao\/rna.ao\/wp-json\/wp\/v2\/posts\/27389"}],"collection":[{"href":"https:\/\/rna.ao\/rna.ao\/wp-json\/wp\/v2\/posts"}],"about":[{"href":"https:\/\/rna.ao\/rna.ao\/wp-json\/wp\/v2\/types\/post"}],"author":[{"embeddable":true,"href":"https:\/\/rna.ao\/rna.ao\/wp-json\/wp\/v2\/users\/8"}],"replies":[{"embeddable":true,"href":"https:\/\/rna.ao\/rna.ao\/wp-json\/wp\/v2\/comments?post=27389"}],"version-history":[{"count":1,"href":"https:\/\/rna.ao\/rna.ao\/wp-json\/wp\/v2\/posts\/27389\/revisions"}],"predecessor-version":[{"id":27403,"href":"https:\/\/rna.ao\/rna.ao\/wp-json\/wp\/v2\/posts\/27389\/revisions\/27403"}],"wp:featuredmedia":[{"embeddable":true,"href":"https:\/\/rna.ao\/rna.ao\/wp-json\/wp\/v2\/media\/27402"}],"wp:attachment":[{"href":"https:\/\/rna.ao\/rna.ao\/wp-json\/wp\/v2\/media?parent=27389"}],"wp:term":[{"taxonomy":"category","embeddable":true,"href":"https:\/\/rna.ao\/rna.ao\/wp-json\/wp\/v2\/categories?post=27389"},{"taxonomy":"post_tag","embeddable":true,"href":"https:\/\/rna.ao\/rna.ao\/wp-json\/wp\/v2\/tags?post=27389"}],"curies":[{"name":"wp","href":"https:\/\/api.w.org\/{rel}","templated":true}]}}