{"id":27388,"date":"2021-06-13T07:43:13","date_gmt":"2021-06-13T06:43:13","guid":{"rendered":"https:\/\/rna.ao\/rna.ao\/?p=27388"},"modified":"2021-06-13T07:43:13","modified_gmt":"2021-06-13T06:43:13","slug":"dia-mundial-da-consciencializacao-do-albinismo-associacao-angolana-pede-maior-apoio-do-governo","status":"publish","type":"post","link":"https:\/\/rna.ao\/rna.ao\/2021\/06\/13\/dia-mundial-da-consciencializacao-do-albinismo-associacao-angolana-pede-maior-apoio-do-governo\/","title":{"rendered":"Dia Mundial da Consciencializa\u00e7\u00e3o do Albinismo: Associa\u00e7\u00e3o angolana pede maior apoio do Governo"},"content":{"rendered":"<p><img loading=\"lazy\" class=\"size-full wp-image-27352 alignleft\" src=\"https:\/\/rna.ao\/rna.ao\/wp-content\/uploads\/2021\/06\/Manuel-Vapor-1.jpg\" alt=\"\" width=\"310\" height=\"178\" \/>Assinala \u2013 se neste domingo, 13 de Junho, o Dia Mundial de Consciencializa\u00e7\u00e3o do Albinismo. A data foi proclamada em 2015, pelas Organiza\u00e7\u00e3o das Na\u00e7\u00f5es Unidas (ONU), para divulgar informa\u00e7\u00e3o sobre o albinismo e evitar a discrimina\u00e7\u00e3o, combatendo ao mesmo tempo a sua persegui\u00e7\u00e3o.<\/p>\n<p>Por c\u00e1, o Presidente da Associa\u00e7\u00e3o de Apoio aos Albinos em Angola, Manuel Vapor, pede ao Governo angolano maior aux\u00edlio as pessoas albinas no pa\u00eds. Clique no \u00e1udio e ou\u00e7a:<\/p>\n\t<div class=\"qtmplayer-playlist-large\">\n\t\t<ul class=\"qtmplayer-playlist\">\n\t\t\t\n\t\t\t\t\t<li class=\"qtmplayer-trackitem\">\n\t\t<img src=\"https:\/\/rna.ao\/rna.ao\/wp-content\/uploads\/2021\/06\/Albinos-100x100.jpg\" alt=\"cover\">\t\t<span \t\t\tdata-qtmplayer-cover=\"https:\/\/rna.ao\/rna.ao\/wp-content\/uploads\/2021\/06\/Albinos.jpg\"\n\t\t\t\t\t\tdata-qtmplayer-file=\"https:\/\/rna.ao\/rna.ao\/wp-content\/uploads\/2021\/06\/MANUEL-VAPOR-07HRS.mp3\"\n\t\t\t\t\t\tdata-qtmplayer-title=\"Dia Mundial da Consciencializa\u00e7\u00e3o do Albinismo: Associa\u00e7\u00e3o angolana pede maior apoio do Governo\"\n\t\t\t\t\t\tdata-qtmplayer-artist=\"RNA\"\n\t\t\t\t\t\tdata-qtmplayer-link=\"https:\/\/rna.ao\/rna.ao\/2021\/06\/13\/dia-mundial-da-consciencializacao-do-albinismo-associacao-angolana-pede-maior-apoio-do-governo\/\"\n\t\t\t\t\t\tdata-qtmplayer-icon=\"file_download\"\n\t\t\t\t\t\tdata-qtmplayer-type=\"track\"\n\t\t\t class=\"qtmplayer-play qtmplayer-link-sec qtmplayer-play-btn\"><i class='material-icons'>play_arrow<\/i><\/span>\n\t\t<p>\n\t\t\t<span class=\"qtmplayer-tit\">Dia Mundial da Consciencializa\u00e7\u00e3o do Albinismo: Associa\u00e7\u00e3o angolana pede maior apoio do Governo<\/span>\n\t\t\t<span class=\"qtmplayer-art\">RNA<\/span>\n\t\t<\/p>\n\t<\/li>\n\t\t<\/ul>\n\t<\/div>\t\t\t\n\t\n<p>Fonte: RNA<\/p>\n","protected":false},"excerpt":{"rendered":"<p>Assinala \u2013 se neste domingo, 13 de Junho, o Dia Mundial de Consciencializa\u00e7\u00e3o do Albinismo. A data foi proclamada em 2015, pelas Organiza\u00e7\u00e3o das Na\u00e7\u00f5es Unidas (ONU), para divulgar informa\u00e7\u00e3o sobre o albinismo e evitar a discrimina\u00e7\u00e3o, combatendo ao mesmo tempo a sua persegui\u00e7\u00e3o. Por c\u00e1, o Presidente da Associa\u00e7\u00e3o ...<\/p>\n","protected":false},"author":8,"featured_media":26609,"comment_status":"closed","ping_status":"closed","sticky":false,"template":"","format":"standard","meta":[],"categories":[142,121,163],"tags":[],"_links":{"self":[{"href":"https:\/\/rna.ao\/rna.ao\/wp-json\/wp\/v2\/posts\/27388"}],"collection":[{"href":"https:\/\/rna.ao\/rna.ao\/wp-json\/wp\/v2\/posts"}],"about":[{"href":"https:\/\/rna.ao\/rna.ao\/wp-json\/wp\/v2\/types\/post"}],"author":[{"embeddable":true,"href":"https:\/\/rna.ao\/rna.ao\/wp-json\/wp\/v2\/users\/8"}],"replies":[{"embeddable":true,"href":"https:\/\/rna.ao\/rna.ao\/wp-json\/wp\/v2\/comments?post=27388"}],"version-history":[{"count":1,"href":"https:\/\/rna.ao\/rna.ao\/wp-json\/wp\/v2\/posts\/27388\/revisions"}],"predecessor-version":[{"id":27394,"href":"https:\/\/rna.ao\/rna.ao\/wp-json\/wp\/v2\/posts\/27388\/revisions\/27394"}],"wp:featuredmedia":[{"embeddable":true,"href":"https:\/\/rna.ao\/rna.ao\/wp-json\/wp\/v2\/media\/26609"}],"wp:attachment":[{"href":"https:\/\/rna.ao\/rna.ao\/wp-json\/wp\/v2\/media?parent=27388"}],"wp:term":[{"taxonomy":"category","embeddable":true,"href":"https:\/\/rna.ao\/rna.ao\/wp-json\/wp\/v2\/categories?post=27388"},{"taxonomy":"post_tag","embeddable":true,"href":"https:\/\/rna.ao\/rna.ao\/wp-json\/wp\/v2\/tags?post=27388"}],"curies":[{"name":"wp","href":"https:\/\/api.w.org\/{rel}","templated":true}]}}