{"id":27010,"date":"2021-06-09T13:41:25","date_gmt":"2021-06-09T12:41:25","guid":{"rendered":"https:\/\/rna.ao\/rna.ao\/?p=27010"},"modified":"2021-06-09T13:41:25","modified_gmt":"2021-06-09T12:41:25","slug":"reino-dos-paises-baixos-garante-apoiar-angola-no-combate-a-corrupcao","status":"publish","type":"post","link":"https:\/\/rna.ao\/rna.ao\/2021\/06\/09\/reino-dos-paises-baixos-garante-apoiar-angola-no-combate-a-corrupcao\/","title":{"rendered":"Reino dos Pa\u00edses Baixos garante apoiar Angola no combate \u00e0 corrup\u00e7\u00e3o"},"content":{"rendered":"<p><img loading=\"lazy\" class=\"size-full wp-image-27015 alignleft\" src=\"https:\/\/rna.ao\/rna.ao\/wp-content\/uploads\/2021\/06\/PRadiencia-Paises-Baixos.jpg\" alt=\"\" width=\"593\" height=\"395\" \/>Angola vai ter o apoio do Reino dos Pa\u00edses Baixos, no seu programa de combate \u00e0 corrup\u00e7\u00e3o e recupera\u00e7\u00e3o de activos. O assunto esteve no centro das conversas, que o Presidente da Rep\u00fablica, Jo\u00e3o Louren\u00e7o, manteve esta quarta-feira, 9 de Junho, com o Embaixador dos Pa\u00edses Baixos em Angola, que est\u00e1 em fim de miss\u00e3o, Anne Van Leeuwen, que foi ao Pal\u00e1cio Presidencial da Cidade Alta, para se despedir do Chefe de Estado angolano.<\/p>\n<p>No final da audi\u00eancia, o diplomata Anne Van Leeuwen, disse, igualmente, que o encontro, com o Chefe de Estado angolano, serviu, tamb\u00e9m, para falar da coopera\u00e7\u00e3o. Clique no \u00e1udio e ou\u00e7a:<\/p>\n\t<div class=\"qtmplayer-playlist-large\">\n\t\t<ul class=\"qtmplayer-playlist\">\n\t\t\t\n\t\t\t\t\t<li class=\"qtmplayer-trackitem\">\n\t\t<img src=\"https:\/\/rna.ao\/rna.ao\/wp-content\/uploads\/2021\/06\/Anne-Van-Leeuwen-100x100.jpg\" alt=\"cover\">\t\t<span \t\t\tdata-qtmplayer-cover=\"https:\/\/rna.ao\/rna.ao\/wp-content\/uploads\/2021\/06\/Anne-Van-Leeuwen.jpg\"\n\t\t\t\t\t\tdata-qtmplayer-file=\"https:\/\/rna.ao\/rna.ao\/wp-content\/uploads\/2021\/06\/ANNE-VAN-LEEUWEN-1-13HRS.mp3\"\n\t\t\t\t\t\tdata-qtmplayer-title=\"Reino dos Pa\u00edses Baixos garante apoiar Angola no combate \u00e0 corrup\u00e7\u00e3o\"\n\t\t\t\t\t\tdata-qtmplayer-artist=\"RNA\"\n\t\t\t\t\t\tdata-qtmplayer-link=\"https:\/\/rna.ao\/rna.ao\/2021\/06\/09\/reino-dos-paises-baixos-garante-apoiar-angola-no-combate-a-corrupcao\/\"\n\t\t\t\t\t\tdata-qtmplayer-icon=\"file_download\"\n\t\t\t\t\t\tdata-qtmplayer-type=\"track\"\n\t\t\t class=\"qtmplayer-play qtmplayer-link-sec qtmplayer-play-btn\"><i class='material-icons'>play_arrow<\/i><\/span>\n\t\t<p>\n\t\t\t<span class=\"qtmplayer-tit\">Reino dos Pa\u00edses Baixos garante apoiar Angola no combate \u00e0 corrup\u00e7\u00e3o<\/span>\n\t\t\t<span class=\"qtmplayer-art\">RNA<\/span>\n\t\t<\/p>\n\t<\/li>\n\t\t<\/ul>\n\t<\/div>\t\t\t\n\t\n<p>Anne Van Leeuwen disse ainda que o seu pa\u00eds vai ajudar Angola, a diversificar a sua economia. Clique no \u00e1udio e ou\u00e7a:<\/p>\n\t<div class=\"qtmplayer-playlist-large\">\n\t\t<ul class=\"qtmplayer-playlist\">\n\t\t\t\n\t\t\t\t\t<li class=\"qtmplayer-trackitem\">\n\t\t<img src=\"https:\/\/rna.ao\/rna.ao\/wp-content\/uploads\/2021\/06\/Anne-Van-Leeuwen-100x100.jpg\" alt=\"cover\">\t\t<span \t\t\tdata-qtmplayer-cover=\"https:\/\/rna.ao\/rna.ao\/wp-content\/uploads\/2021\/06\/Anne-Van-Leeuwen.jpg\"\n\t\t\t\t\t\tdata-qtmplayer-file=\"https:\/\/rna.ao\/rna.ao\/wp-content\/uploads\/2021\/06\/ANNE-VAN-LEEUWEN-2-13HRS.mp3\"\n\t\t\t\t\t\tdata-qtmplayer-title=\"Reino dos Pa\u00edses Baixos garante apoiar Angola no combate \u00e0 corrup\u00e7\u00e3o\"\n\t\t\t\t\t\tdata-qtmplayer-artist=\"RNA\"\n\t\t\t\t\t\tdata-qtmplayer-link=\"https:\/\/rna.ao\/rna.ao\/2021\/06\/09\/reino-dos-paises-baixos-garante-apoiar-angola-no-combate-a-corrupcao\/\"\n\t\t\t\t\t\tdata-qtmplayer-icon=\"file_download\"\n\t\t\t\t\t\tdata-qtmplayer-type=\"track\"\n\t\t\t class=\"qtmplayer-play qtmplayer-link-sec qtmplayer-play-btn\"><i class='material-icons'>play_arrow<\/i><\/span>\n\t\t<p>\n\t\t\t<span class=\"qtmplayer-tit\">Reino dos Pa\u00edses Baixos garante apoiar Angola no combate \u00e0 corrup\u00e7\u00e3o<\/span>\n\t\t\t<span class=\"qtmplayer-art\">RNA<\/span>\n\t\t<\/p>\n\t<\/li>\n\t\t<\/ul>\n\t<\/div>\t\t\t\n\t\n<p>Fonte: RNA<\/p>\n","protected":false},"excerpt":{"rendered":"<p>Angola vai ter o apoio do Reino dos Pa\u00edses Baixos, no seu programa de combate \u00e0 corrup\u00e7\u00e3o e recupera\u00e7\u00e3o de activos. O assunto esteve no centro das conversas, que o Presidente da Rep\u00fablica, Jo\u00e3o Louren\u00e7o, manteve esta quarta-feira, 9 de Junho, com o Embaixador dos Pa\u00edses Baixos em Angola, que ...<\/p>\n","protected":false},"author":8,"featured_media":27013,"comment_status":"closed","ping_status":"closed","sticky":false,"template":"","format":"standard","meta":[],"categories":[121,163],"tags":[],"_links":{"self":[{"href":"https:\/\/rna.ao\/rna.ao\/wp-json\/wp\/v2\/posts\/27010"}],"collection":[{"href":"https:\/\/rna.ao\/rna.ao\/wp-json\/wp\/v2\/posts"}],"about":[{"href":"https:\/\/rna.ao\/rna.ao\/wp-json\/wp\/v2\/types\/post"}],"author":[{"embeddable":true,"href":"https:\/\/rna.ao\/rna.ao\/wp-json\/wp\/v2\/users\/8"}],"replies":[{"embeddable":true,"href":"https:\/\/rna.ao\/rna.ao\/wp-json\/wp\/v2\/comments?post=27010"}],"version-history":[{"count":1,"href":"https:\/\/rna.ao\/rna.ao\/wp-json\/wp\/v2\/posts\/27010\/revisions"}],"predecessor-version":[{"id":27016,"href":"https:\/\/rna.ao\/rna.ao\/wp-json\/wp\/v2\/posts\/27010\/revisions\/27016"}],"wp:featuredmedia":[{"embeddable":true,"href":"https:\/\/rna.ao\/rna.ao\/wp-json\/wp\/v2\/media\/27013"}],"wp:attachment":[{"href":"https:\/\/rna.ao\/rna.ao\/wp-json\/wp\/v2\/media?parent=27010"}],"wp:term":[{"taxonomy":"category","embeddable":true,"href":"https:\/\/rna.ao\/rna.ao\/wp-json\/wp\/v2\/categories?post=27010"},{"taxonomy":"post_tag","embeddable":true,"href":"https:\/\/rna.ao\/rna.ao\/wp-json\/wp\/v2\/tags?post=27010"}],"curies":[{"name":"wp","href":"https:\/\/api.w.org\/{rel}","templated":true}]}}