{"id":26612,"date":"2021-06-05T14:28:54","date_gmt":"2021-06-05T13:28:54","guid":{"rendered":"https:\/\/rna.ao\/rna.ao\/?p=26612"},"modified":"2021-06-06T14:05:11","modified_gmt":"2021-06-06T13:05:11","slug":"dia-mundial-do-ambiente-huambo-quer-continuar-a-ser-a-cidade-ecologica-de-angola","status":"publish","type":"post","link":"https:\/\/rna.ao\/rna.ao\/2021\/06\/05\/dia-mundial-do-ambiente-huambo-quer-continuar-a-ser-a-cidade-ecologica-de-angola\/","title":{"rendered":"Dia Mundial do Ambiente: Huambo quer continuar a ser a cidade ecol\u00f3gica de Angola"},"content":{"rendered":"<p><img loading=\"lazy\" class=\"size-full wp-image-26616 alignleft\" src=\"https:\/\/rna.ao\/rna.ao\/wp-content\/uploads\/2021\/06\/Cidade_do_Huambo.jpg\" alt=\"\" width=\"301\" height=\"187\" \/>O mundo assinala este s\u00e1bado, 5 de Junho, o Dia do Ambiente. O Huambo quer continuar a ser a cidade ecol\u00f3gica de Angola. H\u00e1, no entanto, um sen\u00e3o: muitas constru\u00e7\u00f5es junto de nascentes de rios e isto belisca o ambiente no Planalto Central. Ou\u00e7a, no \u00e1udio abaixo, mais dados com a rep\u00f3rter Marlene Yuba:<\/p>\n\t<div class=\"qtmplayer-playlist-large\">\n\t\t<ul class=\"qtmplayer-playlist\">\n\t\t\t\n\t\t\t\t\t<li class=\"qtmplayer-trackitem\">\n\t\t<img src=\"https:\/\/rna.ao\/rna.ao\/wp-content\/uploads\/2021\/06\/Cidade_do_Huambo-100x100.jpg\" alt=\"cover\">\t\t<span \t\t\tdata-qtmplayer-cover=\"https:\/\/rna.ao\/rna.ao\/wp-content\/uploads\/2021\/06\/Cidade_do_Huambo.jpg\"\n\t\t\t\t\t\tdata-qtmplayer-file=\"https:\/\/rna.ao\/rna.ao\/wp-content\/uploads\/2021\/06\/HUAMBO-CIDADE-ECOLOGICA-13-HRS.mp3\"\n\t\t\t\t\t\tdata-qtmplayer-title=\"Dia Mundial do Ambiente: Huambo quer continuar a ser a cidade ecol\u00f3gica de Angola\"\n\t\t\t\t\t\tdata-qtmplayer-artist=\"RNA\"\n\t\t\t\t\t\tdata-qtmplayer-link=\"https:\/\/rna.ao\/rna.ao\/2021\/06\/05\/dia-mundial-do-ambiente-huambo-quer-continuar-a-ser-a-cidade-ecologica-de-angola\/\"\n\t\t\t\t\t\tdata-qtmplayer-icon=\"file_download\"\n\t\t\t\t\t\tdata-qtmplayer-type=\"track\"\n\t\t\t class=\"qtmplayer-play qtmplayer-link-sec qtmplayer-play-btn\"><i class='material-icons'>play_arrow<\/i><\/span>\n\t\t<p>\n\t\t\t<span class=\"qtmplayer-tit\">Dia Mundial do Ambiente: Huambo quer continuar a ser a cidade ecol\u00f3gica de Angola<\/span>\n\t\t\t<span class=\"qtmplayer-art\">RNA<\/span>\n\t\t<\/p>\n\t<\/li>\n\t\t<\/ul>\n\t<\/div>\t\t\t\n\t\n<p>J\u00e1 na Prov\u00edncia do Bengo, o 5 de Junho est\u00e1 marcado pelo lan\u00e7amento do movimento de repovoamento dos mangais. O rep\u00f3rter Eduardo Motta traz, no \u00e1udio abaixo, mais dados sobre o assunto:<\/p>\n\t<div class=\"qtmplayer-playlist-large\">\n\t\t<ul class=\"qtmplayer-playlist\">\n\t\t\t\n\t\t\t\t\t<li class=\"qtmplayer-trackitem\">\n\t\t<img src=\"https:\/\/rna.ao\/rna.ao\/wp-content\/uploads\/2021\/06\/Cidade_do_Huambo-100x100.jpg\" alt=\"cover\">\t\t<span \t\t\tdata-qtmplayer-cover=\"https:\/\/rna.ao\/rna.ao\/wp-content\/uploads\/2021\/06\/Cidade_do_Huambo.jpg\"\n\t\t\t\t\t\tdata-qtmplayer-file=\"https:\/\/rna.ao\/rna.ao\/wp-content\/uploads\/2021\/06\/BENGO-MANGAIS-13HRS-.mp3\"\n\t\t\t\t\t\tdata-qtmplayer-title=\"Dia Mundial do Ambiente: Huambo quer continuar a ser a cidade ecol\u00f3gica de Angola\"\n\t\t\t\t\t\tdata-qtmplayer-artist=\"RNA\"\n\t\t\t\t\t\tdata-qtmplayer-link=\"https:\/\/rna.ao\/rna.ao\/2021\/06\/05\/dia-mundial-do-ambiente-huambo-quer-continuar-a-ser-a-cidade-ecologica-de-angola\/\"\n\t\t\t\t\t\tdata-qtmplayer-icon=\"file_download\"\n\t\t\t\t\t\tdata-qtmplayer-type=\"track\"\n\t\t\t class=\"qtmplayer-play qtmplayer-link-sec qtmplayer-play-btn\"><i class='material-icons'>play_arrow<\/i><\/span>\n\t\t<p>\n\t\t\t<span class=\"qtmplayer-tit\">Dia Mundial do Ambiente: Huambo quer continuar a ser a cidade ecol\u00f3gica de Angola<\/span>\n\t\t\t<span class=\"qtmplayer-art\">RNA<\/span>\n\t\t<\/p>\n\t<\/li>\n\t\t<\/ul>\n\t<\/div>\t\t\t\n\t\n<p>Fonte: RNA<\/p>\n","protected":false},"excerpt":{"rendered":"<p>O mundo assinala este s\u00e1bado, 5 de Junho, o Dia do Ambiente. O Huambo quer continuar a ser a cidade ecol\u00f3gica de Angola. H\u00e1, no entanto, um sen\u00e3o: muitas constru\u00e7\u00f5es junto de nascentes de rios e isto belisca o ambiente no Planalto Central. Ou\u00e7a, no \u00e1udio abaixo, mais dados com ...<\/p>\n","protected":false},"author":8,"featured_media":26616,"comment_status":"closed","ping_status":"closed","sticky":false,"template":"","format":"standard","meta":[],"categories":[142,121,163],"tags":[],"_links":{"self":[{"href":"https:\/\/rna.ao\/rna.ao\/wp-json\/wp\/v2\/posts\/26612"}],"collection":[{"href":"https:\/\/rna.ao\/rna.ao\/wp-json\/wp\/v2\/posts"}],"about":[{"href":"https:\/\/rna.ao\/rna.ao\/wp-json\/wp\/v2\/types\/post"}],"author":[{"embeddable":true,"href":"https:\/\/rna.ao\/rna.ao\/wp-json\/wp\/v2\/users\/8"}],"replies":[{"embeddable":true,"href":"https:\/\/rna.ao\/rna.ao\/wp-json\/wp\/v2\/comments?post=26612"}],"version-history":[{"count":2,"href":"https:\/\/rna.ao\/rna.ao\/wp-json\/wp\/v2\/posts\/26612\/revisions"}],"predecessor-version":[{"id":26622,"href":"https:\/\/rna.ao\/rna.ao\/wp-json\/wp\/v2\/posts\/26612\/revisions\/26622"}],"wp:featuredmedia":[{"embeddable":true,"href":"https:\/\/rna.ao\/rna.ao\/wp-json\/wp\/v2\/media\/26616"}],"wp:attachment":[{"href":"https:\/\/rna.ao\/rna.ao\/wp-json\/wp\/v2\/media?parent=26612"}],"wp:term":[{"taxonomy":"category","embeddable":true,"href":"https:\/\/rna.ao\/rna.ao\/wp-json\/wp\/v2\/categories?post=26612"},{"taxonomy":"post_tag","embeddable":true,"href":"https:\/\/rna.ao\/rna.ao\/wp-json\/wp\/v2\/tags?post=26612"}],"curies":[{"name":"wp","href":"https:\/\/api.w.org\/{rel}","templated":true}]}}