{"id":26603,"date":"2021-06-05T14:16:09","date_gmt":"2021-06-05T13:16:09","guid":{"rendered":"https:\/\/rna.ao\/rna.ao\/?p=26603"},"modified":"2021-06-06T14:07:07","modified_gmt":"2021-06-06T13:07:07","slug":"bie-missionarios-trabalham-na-inclusao-e-proteccao-social-das-pessoas-com-problemas-de-albinismo","status":"publish","type":"post","link":"https:\/\/rna.ao\/rna.ao\/2021\/06\/05\/bie-missionarios-trabalham-na-inclusao-e-proteccao-social-das-pessoas-com-problemas-de-albinismo\/","title":{"rendered":"Bi\u00e9: Mission\u00e1rios trabalham na inclus\u00e3o e protec\u00e7\u00e3o social das pessoas com problemas de albinismo"},"content":{"rendered":"<p><img loading=\"lazy\" class=\"size-full wp-image-26609 alignleft\" src=\"https:\/\/rna.ao\/rna.ao\/wp-content\/uploads\/2021\/06\/Albinos.jpg\" alt=\"\" width=\"299\" height=\"168\" \/>Na Prov\u00edncia do Bi\u00e9, mission\u00e1rios brasileiros, na comuna do Kunje, est\u00e3o a implementar um projecto voltado a inclus\u00e3o e protec\u00e7\u00e3o social das pessoas com problemas de albinismo. Os benefici\u00e1rios, no caso mais de 150 pessoas, falam em novo paradigma nas suas vidas. Ou\u00e7a, no \u00e1udio abaixo, o rep\u00f3rter Fernando Chicapa com mais desenvolvimento:<\/p>\n\t<div class=\"qtmplayer-playlist-large\">\n\t\t<ul class=\"qtmplayer-playlist\">\n\t\t\t\n\t\t\t\t\t<li class=\"qtmplayer-trackitem\">\n\t\t<img src=\"https:\/\/rna.ao\/rna.ao\/wp-content\/uploads\/2021\/06\/Albinos-100x100.jpg\" alt=\"cover\">\t\t<span \t\t\tdata-qtmplayer-cover=\"https:\/\/rna.ao\/rna.ao\/wp-content\/uploads\/2021\/06\/Albinos.jpg\"\n\t\t\t\t\t\tdata-qtmplayer-file=\"https:\/\/rna.ao\/rna.ao\/wp-content\/uploads\/2021\/06\/BIE-ALBINISMO-13HRS.mp3\"\n\t\t\t\t\t\tdata-qtmplayer-title=\"Bi\u00e9: Mission\u00e1rios trabalham na inclus\u00e3o e protec\u00e7\u00e3o social das pessoas com problemas de albinismo\"\n\t\t\t\t\t\tdata-qtmplayer-artist=\"RNA\"\n\t\t\t\t\t\tdata-qtmplayer-link=\"https:\/\/rna.ao\/rna.ao\/2021\/06\/05\/bie-missionarios-trabalham-na-inclusao-e-proteccao-social-das-pessoas-com-problemas-de-albinismo\/\"\n\t\t\t\t\t\tdata-qtmplayer-icon=\"file_download\"\n\t\t\t\t\t\tdata-qtmplayer-type=\"track\"\n\t\t\t class=\"qtmplayer-play qtmplayer-link-sec qtmplayer-play-btn\"><i class='material-icons'>play_arrow<\/i><\/span>\n\t\t<p>\n\t\t\t<span class=\"qtmplayer-tit\">Bi\u00e9: Mission\u00e1rios trabalham na inclus\u00e3o e protec\u00e7\u00e3o social das pessoas com problemas de albinismo<\/span>\n\t\t\t<span class=\"qtmplayer-art\">RNA<\/span>\n\t\t<\/p>\n\t<\/li>\n\t\t<\/ul>\n\t<\/div>\t\t\t\n\t\n<p>Fonte: RNA<\/p>\n<p>&nbsp;<\/p>\n","protected":false},"excerpt":{"rendered":"<p>Na Prov\u00edncia do Bi\u00e9, mission\u00e1rios brasileiros, na comuna do Kunje, est\u00e3o a implementar um projecto voltado a inclus\u00e3o e protec\u00e7\u00e3o social das pessoas com problemas de albinismo. Os benefici\u00e1rios, no caso mais de 150 pessoas, falam em novo paradigma nas suas vidas. Ou\u00e7a, no \u00e1udio abaixo, o rep\u00f3rter Fernando Chicapa ...<\/p>\n","protected":false},"author":8,"featured_media":26609,"comment_status":"closed","ping_status":"closed","sticky":false,"template":"","format":"standard","meta":[],"categories":[142,121],"tags":[],"_links":{"self":[{"href":"https:\/\/rna.ao\/rna.ao\/wp-json\/wp\/v2\/posts\/26603"}],"collection":[{"href":"https:\/\/rna.ao\/rna.ao\/wp-json\/wp\/v2\/posts"}],"about":[{"href":"https:\/\/rna.ao\/rna.ao\/wp-json\/wp\/v2\/types\/post"}],"author":[{"embeddable":true,"href":"https:\/\/rna.ao\/rna.ao\/wp-json\/wp\/v2\/users\/8"}],"replies":[{"embeddable":true,"href":"https:\/\/rna.ao\/rna.ao\/wp-json\/wp\/v2\/comments?post=26603"}],"version-history":[{"count":1,"href":"https:\/\/rna.ao\/rna.ao\/wp-json\/wp\/v2\/posts\/26603\/revisions"}],"predecessor-version":[{"id":26610,"href":"https:\/\/rna.ao\/rna.ao\/wp-json\/wp\/v2\/posts\/26603\/revisions\/26610"}],"wp:featuredmedia":[{"embeddable":true,"href":"https:\/\/rna.ao\/rna.ao\/wp-json\/wp\/v2\/media\/26609"}],"wp:attachment":[{"href":"https:\/\/rna.ao\/rna.ao\/wp-json\/wp\/v2\/media?parent=26603"}],"wp:term":[{"taxonomy":"category","embeddable":true,"href":"https:\/\/rna.ao\/rna.ao\/wp-json\/wp\/v2\/categories?post=26603"},{"taxonomy":"post_tag","embeddable":true,"href":"https:\/\/rna.ao\/rna.ao\/wp-json\/wp\/v2\/tags?post=26603"}],"curies":[{"name":"wp","href":"https:\/\/api.w.org\/{rel}","templated":true}]}}