{"id":26602,"date":"2021-06-05T14:10:01","date_gmt":"2021-06-05T13:10:01","guid":{"rendered":"https:\/\/rna.ao\/rna.ao\/?p=26602"},"modified":"2021-06-05T14:57:31","modified_gmt":"2021-06-05T13:57:31","slug":"ceeac-exige-ao-conselho-de-seguranca-da-onu-retirada-controlada-dos-mercenarios-na-libia","status":"publish","type":"post","link":"https:\/\/rna.ao\/rna.ao\/2021\/06\/05\/ceeac-exige-ao-conselho-de-seguranca-da-onu-retirada-controlada-dos-mercenarios-na-libia\/","title":{"rendered":"CEEAC exige ao Conselho de Seguran\u00e7a da ONU retirada controlada dos mercen\u00e1rios na L\u00edbia"},"content":{"rendered":"<p><img loading=\"lazy\" class=\"size-full wp-image-26606 alignleft\" src=\"https:\/\/rna.ao\/rna.ao\/wp-content\/uploads\/2021\/06\/CEEAC.jpg\" alt=\"\" width=\"259\" height=\"194\" \/>Os Chefes de Estado e de Governo da CEAAC exigem ao Conselho de Seguran\u00e7a das Na\u00e7\u00f5es Unidas a retirada controlada de mercen\u00e1rios na l\u00edbia, pa\u00eds vizinho do Tchad, considerado fonte de instabilidade. Na reuni\u00e3o, ficou igualmente a garantia de que o Tchad vai contar com apoio financeiro da CEEAC. Estas e outras notas da Cimeira s\u00e3o conferidas, no \u00e1udio abaixo, pela Jornalista J\u00falia Gon\u00e7alves:<\/p>\n\t<div class=\"qtmplayer-playlist-large\">\n\t\t<ul class=\"qtmplayer-playlist\">\n\t\t\t\n\t\t\t\t\t<li class=\"qtmplayer-trackitem\">\n\t\t<img src=\"https:\/\/rna.ao\/rna.ao\/wp-content\/uploads\/2021\/06\/CEEAC-100x100.jpg\" alt=\"cover\">\t\t<span \t\t\tdata-qtmplayer-cover=\"https:\/\/rna.ao\/rna.ao\/wp-content\/uploads\/2021\/06\/CEEAC.jpg\"\n\t\t\t\t\t\tdata-qtmplayer-file=\"https:\/\/rna.ao\/rna.ao\/wp-content\/uploads\/2021\/06\/JULIA-GONCALVES-13-HRS.mp3\"\n\t\t\t\t\t\tdata-qtmplayer-title=\"CEEAC exige ao Conselho de Seguran\u00e7a da ONU retirada controlada dos mercen\u00e1rios na L\u00edbia\"\n\t\t\t\t\t\tdata-qtmplayer-artist=\"RNA\"\n\t\t\t\t\t\tdata-qtmplayer-link=\"https:\/\/rna.ao\/rna.ao\/2021\/06\/05\/ceeac-exige-ao-conselho-de-seguranca-da-onu-retirada-controlada-dos-mercenarios-na-libia\/\"\n\t\t\t\t\t\tdata-qtmplayer-icon=\"file_download\"\n\t\t\t\t\t\tdata-qtmplayer-type=\"track\"\n\t\t\t class=\"qtmplayer-play qtmplayer-link-sec qtmplayer-play-btn\"><i class='material-icons'>play_arrow<\/i><\/span>\n\t\t<p>\n\t\t\t<span class=\"qtmplayer-tit\">CEEAC exige ao Conselho de Seguran\u00e7a da ONU retirada controlada dos mercen\u00e1rios na L\u00edbia<\/span>\n\t\t\t<span class=\"qtmplayer-art\">RNA<\/span>\n\t\t<\/p>\n\t<\/li>\n\t\t<\/ul>\n\t<\/div>\t\t\t\n\t\n<p>E por c\u00e1, especialistas em politica africana, dizem que perante as decis\u00f5es da Cimeira de Brazzaville, pode-se concluir que a Comunidade Econ\u00f3mica dos Estados da \u00c1frica Central est\u00e1 pronta, para encontrar solu\u00e7\u00e3o pac\u00edfica para estabilidade no Tchad. O rep\u00f3rter Ant\u00f3nio Augusto preparou a mat\u00e9ria apresentada pelo Isa\u00edas Afonso. Clique\u00a0 e ou\u00e7a:<\/p>\n\t<div class=\"qtmplayer-playlist-large\">\n\t\t<ul class=\"qtmplayer-playlist\">\n\t\t\t\n\t\t\t\t\t<li class=\"qtmplayer-trackitem\">\n\t\t<img src=\"https:\/\/rna.ao\/rna.ao\/wp-content\/uploads\/2021\/06\/CEEAC-100x100.jpg\" alt=\"cover\">\t\t<span \t\t\tdata-qtmplayer-cover=\"https:\/\/rna.ao\/rna.ao\/wp-content\/uploads\/2021\/06\/CEEAC.jpg\"\n\t\t\t\t\t\tdata-qtmplayer-file=\"https:\/\/rna.ao\/rna.ao\/wp-content\/uploads\/2021\/06\/ISAIAS-AFONSO-13HRS.mp3-BOOMMMM.mp3\"\n\t\t\t\t\t\tdata-qtmplayer-title=\"CEEAC exige ao Conselho de Seguran\u00e7a da ONU retirada controlada dos mercen\u00e1rios na L\u00edbia\"\n\t\t\t\t\t\tdata-qtmplayer-artist=\"RNA\"\n\t\t\t\t\t\tdata-qtmplayer-link=\"https:\/\/rna.ao\/rna.ao\/2021\/06\/05\/ceeac-exige-ao-conselho-de-seguranca-da-onu-retirada-controlada-dos-mercenarios-na-libia\/\"\n\t\t\t\t\t\tdata-qtmplayer-icon=\"file_download\"\n\t\t\t\t\t\tdata-qtmplayer-type=\"track\"\n\t\t\t class=\"qtmplayer-play qtmplayer-link-sec qtmplayer-play-btn\"><i class='material-icons'>play_arrow<\/i><\/span>\n\t\t<p>\n\t\t\t<span class=\"qtmplayer-tit\">CEEAC exige ao Conselho de Seguran\u00e7a da ONU retirada controlada dos mercen\u00e1rios na L\u00edbia<\/span>\n\t\t\t<span class=\"qtmplayer-art\">RNA<\/span>\n\t\t<\/p>\n\t<\/li>\n\t\t<\/ul>\n\t<\/div>\t\t\t\n\t\n<p>Fonte: RNA<\/p>\n<p>&nbsp;<\/p>\n<p>&nbsp;<\/p>\n","protected":false},"excerpt":{"rendered":"<p>Os Chefes de Estado e de Governo da CEAAC exigem ao Conselho de Seguran\u00e7a das Na\u00e7\u00f5es Unidas a retirada controlada de mercen\u00e1rios na l\u00edbia, pa\u00eds vizinho do Tchad, considerado fonte de instabilidade. Na reuni\u00e3o, ficou igualmente a garantia de que o Tchad vai contar com apoio financeiro da CEEAC. Estas ...<\/p>\n","protected":false},"author":8,"featured_media":26606,"comment_status":"closed","ping_status":"closed","sticky":false,"template":"","format":"standard","meta":[],"categories":[121,163],"tags":[],"_links":{"self":[{"href":"https:\/\/rna.ao\/rna.ao\/wp-json\/wp\/v2\/posts\/26602"}],"collection":[{"href":"https:\/\/rna.ao\/rna.ao\/wp-json\/wp\/v2\/posts"}],"about":[{"href":"https:\/\/rna.ao\/rna.ao\/wp-json\/wp\/v2\/types\/post"}],"author":[{"embeddable":true,"href":"https:\/\/rna.ao\/rna.ao\/wp-json\/wp\/v2\/users\/8"}],"replies":[{"embeddable":true,"href":"https:\/\/rna.ao\/rna.ao\/wp-json\/wp\/v2\/comments?post=26602"}],"version-history":[{"count":2,"href":"https:\/\/rna.ao\/rna.ao\/wp-json\/wp\/v2\/posts\/26602\/revisions"}],"predecessor-version":[{"id":26623,"href":"https:\/\/rna.ao\/rna.ao\/wp-json\/wp\/v2\/posts\/26602\/revisions\/26623"}],"wp:featuredmedia":[{"embeddable":true,"href":"https:\/\/rna.ao\/rna.ao\/wp-json\/wp\/v2\/media\/26606"}],"wp:attachment":[{"href":"https:\/\/rna.ao\/rna.ao\/wp-json\/wp\/v2\/media?parent=26602"}],"wp:term":[{"taxonomy":"category","embeddable":true,"href":"https:\/\/rna.ao\/rna.ao\/wp-json\/wp\/v2\/categories?post=26602"},{"taxonomy":"post_tag","embeddable":true,"href":"https:\/\/rna.ao\/rna.ao\/wp-json\/wp\/v2\/tags?post=26602"}],"curies":[{"name":"wp","href":"https:\/\/api.w.org\/{rel}","templated":true}]}}