{"id":26601,"date":"2021-06-05T14:29:01","date_gmt":"2021-06-05T13:29:01","guid":{"rendered":"https:\/\/rna.ao\/rna.ao\/?p=26601"},"modified":"2021-06-06T14:41:21","modified_gmt":"2021-06-06T13:41:21","slug":"homens-da-cultura-e-arte-consideram-bem-conseguido-projecto-da-rna-em-criar-radio-cultura","status":"publish","type":"post","link":"https:\/\/rna.ao\/rna.ao\/2021\/06\/05\/homens-da-cultura-e-arte-consideram-bem-conseguido-projecto-da-rna-em-criar-radio-cultura\/","title":{"rendered":"Homens da Cultura e Arte consideram bem conseguido projecto da RNA em criar R\u00e1dio Cultura"},"content":{"rendered":"<p><img loading=\"lazy\" class=\"alignnone size-full wp-image-26679\" src=\"https:\/\/rna.ao\/rna.ao\/wp-content\/uploads\/2021\/06\/5c2559ed-5ddc-4efc-8b37-941d4a21cd8a.jpg\" alt=\"\" width=\"400\" height=\"240\" \/>Homens da cultura e das artes aguardam com expectativa o lan\u00e7amento da R\u00e1dio Cultura. A iniciativa \u00e9 da RNA, e foi anunciada pelo Presidente do Conselho de Administra\u00e7\u00e3o, Pedro Cabral, na abertura das Jornadas de Produ\u00e7\u00e3o Radiof\u00f3nica do Grupo R\u00e1dio Nacional de Angola. Os homens ligados \u00e0s artes e cultura em Angola, ouvidos pelo Jornal de S\u00e1bado, destacam que a R\u00e1dio especializada vai conferir uma nova era. Ou\u00e7a, no \u00e1udio abaixo, o rep\u00f3rter Walter Ars\u00e9nio com mais desenvolvimento:<\/p>\n\t<div class=\"qtmplayer-playlist-large\">\n\t\t<ul class=\"qtmplayer-playlist\">\n\t\t\t\n\t\t\t\t\t<li class=\"qtmplayer-trackitem\">\n\t\t<img src=\"https:\/\/rna.ao\/rna.ao\/wp-content\/uploads\/2021\/01\/RNAhall-100x100.jpg\" alt=\"cover\">\t\t<span \t\t\tdata-qtmplayer-cover=\"https:\/\/rna.ao\/rna.ao\/wp-content\/uploads\/2021\/01\/RNAhall.jpg\"\n\t\t\t\t\t\tdata-qtmplayer-file=\"https:\/\/rna.ao\/rna.ao\/wp-content\/uploads\/2021\/06\/WALTER-ARSENIO-RADIO-CULTURA-05-06-2021.mp3\"\n\t\t\t\t\t\tdata-qtmplayer-title=\"Homens da Cultura e Arte consideram bem conseguido projecto da RNA em criar R\u00e1dio Cultura\"\n\t\t\t\t\t\tdata-qtmplayer-artist=\"RNA\"\n\t\t\t\t\t\tdata-qtmplayer-link=\"https:\/\/rna.ao\/rna.ao\/2021\/06\/05\/homens-da-cultura-e-arte-consideram-bem-conseguido-projecto-da-rna-em-criar-radio-cultura\/\"\n\t\t\t\t\t\tdata-qtmplayer-icon=\"file_download\"\n\t\t\t\t\t\tdata-qtmplayer-type=\"track\"\n\t\t\t class=\"qtmplayer-play qtmplayer-link-sec qtmplayer-play-btn\"><i class='material-icons'>play_arrow<\/i><\/span>\n\t\t<p>\n\t\t\t<span class=\"qtmplayer-tit\">Homens da Cultura e Arte consideram bem conseguido projecto da RNA em criar R\u00e1dio Cultura<\/span>\n\t\t\t<span class=\"qtmplayer-art\">RNA<\/span>\n\t\t<\/p>\n\t<\/li>\n\t\t<\/ul>\n\t<\/div>\t\t\t\n\t\n<p>Fonte: RNA<\/p>\n","protected":false},"excerpt":{"rendered":"<p>Homens da cultura e das artes aguardam com expectativa o lan\u00e7amento da R\u00e1dio Cultura. A iniciativa \u00e9 da RNA, e foi anunciada pelo Presidente do Conselho de Administra\u00e7\u00e3o, Pedro Cabral, na abertura das Jornadas de Produ\u00e7\u00e3o Radiof\u00f3nica do Grupo R\u00e1dio Nacional de Angola. Os homens ligados \u00e0s artes e cultura ...<\/p>\n","protected":false},"author":8,"featured_media":14710,"comment_status":"closed","ping_status":"closed","sticky":false,"template":"","format":"standard","meta":[],"categories":[121,163],"tags":[],"_links":{"self":[{"href":"https:\/\/rna.ao\/rna.ao\/wp-json\/wp\/v2\/posts\/26601"}],"collection":[{"href":"https:\/\/rna.ao\/rna.ao\/wp-json\/wp\/v2\/posts"}],"about":[{"href":"https:\/\/rna.ao\/rna.ao\/wp-json\/wp\/v2\/types\/post"}],"author":[{"embeddable":true,"href":"https:\/\/rna.ao\/rna.ao\/wp-json\/wp\/v2\/users\/8"}],"replies":[{"embeddable":true,"href":"https:\/\/rna.ao\/rna.ao\/wp-json\/wp\/v2\/comments?post=26601"}],"version-history":[{"count":5,"href":"https:\/\/rna.ao\/rna.ao\/wp-json\/wp\/v2\/posts\/26601\/revisions"}],"predecessor-version":[{"id":26680,"href":"https:\/\/rna.ao\/rna.ao\/wp-json\/wp\/v2\/posts\/26601\/revisions\/26680"}],"wp:featuredmedia":[{"embeddable":true,"href":"https:\/\/rna.ao\/rna.ao\/wp-json\/wp\/v2\/media\/14710"}],"wp:attachment":[{"href":"https:\/\/rna.ao\/rna.ao\/wp-json\/wp\/v2\/media?parent=26601"}],"wp:term":[{"taxonomy":"category","embeddable":true,"href":"https:\/\/rna.ao\/rna.ao\/wp-json\/wp\/v2\/categories?post=26601"},{"taxonomy":"post_tag","embeddable":true,"href":"https:\/\/rna.ao\/rna.ao\/wp-json\/wp\/v2\/tags?post=26601"}],"curies":[{"name":"wp","href":"https:\/\/api.w.org\/{rel}","templated":true}]}}