{"id":26592,"date":"2021-06-05T13:59:28","date_gmt":"2021-06-05T12:59:28","guid":{"rendered":"https:\/\/rna.ao\/rna.ao\/?p=26592"},"modified":"2021-06-05T14:59:08","modified_gmt":"2021-06-05T13:59:08","slug":"ministerio-da-saude-afasta-existencia-de-colera-na-capital-e-reconhece-aumento-de-doencas-diarreicas-em-criancas","status":"publish","type":"post","link":"https:\/\/rna.ao\/rna.ao\/2021\/06\/05\/ministerio-da-saude-afasta-existencia-de-colera-na-capital-e-reconhece-aumento-de-doencas-diarreicas-em-criancas\/","title":{"rendered":"Minist\u00e9rio da Sa\u00fade afasta exist\u00eancia de c\u00f3lera na capital e reconhece aumento de doen\u00e7as diarreicas em crian\u00e7as"},"content":{"rendered":"<p><img loading=\"lazy\" class=\"size-full wp-image-23292 alignleft\" src=\"https:\/\/rna.ao\/rna.ao\/wp-content\/uploads\/2021\/05\/Silvia-Lutucuta-5-de-maio.jpg\" alt=\"\" width=\"288\" height=\"193\" \/>A Ministra da Sa\u00fade, afastou a exist\u00eancia, na Prov\u00edncia de Luanda, de casos em s\u00e9rie de c\u00f3lera entre as crian\u00e7as. Silvia Lutukuta, reconhece, no entanto, que a capital do pa\u00eds depara-se com um aumento de casos de doen\u00e7as diarreicas. Noutra vertente, a Ministra Silvia Lutukuta, alertou as pessoas que tomaram a primeira dose da vacina ASTRAZENECA, a conclu\u00edrem o processo at\u00e9 o dia 10 deste m\u00eas, sob pena de quem assim n\u00e3o fizer perder a oportunidade de ficar bem protegido. A jornalista Teresa Bai\u00e3o traz, no \u00e1udio abaixo, toda informa\u00e7\u00e3o:<\/p>\n\t<div class=\"qtmplayer-playlist-large\">\n\t\t<ul class=\"qtmplayer-playlist\">\n\t\t\t\n\t\t\t\t\t<li class=\"qtmplayer-trackitem\">\n\t\t<img src=\"https:\/\/rna.ao\/rna.ao\/wp-content\/uploads\/2021\/05\/Silvia-Lutucuta-5-de-maio-100x100.jpg\" alt=\"cover\">\t\t<span \t\t\tdata-qtmplayer-cover=\"https:\/\/rna.ao\/rna.ao\/wp-content\/uploads\/2021\/05\/Silvia-Lutucuta-5-de-maio.jpg\"\n\t\t\t\t\t\tdata-qtmplayer-file=\"https:\/\/rna.ao\/rna.ao\/wp-content\/uploads\/2021\/06\/TERESA-BAIAO-13HRS.mp3\"\n\t\t\t\t\t\tdata-qtmplayer-title=\"Minist\u00e9rio da Sa\u00fade afasta exist\u00eancia de c\u00f3lera na capital e reconhece aumento de doen\u00e7as diarreicas em crian\u00e7as\"\n\t\t\t\t\t\tdata-qtmplayer-artist=\"RNA\"\n\t\t\t\t\t\tdata-qtmplayer-link=\"https:\/\/rna.ao\/rna.ao\/2021\/06\/05\/ministerio-da-saude-afasta-existencia-de-colera-na-capital-e-reconhece-aumento-de-doencas-diarreicas-em-criancas\/\"\n\t\t\t\t\t\tdata-qtmplayer-icon=\"file_download\"\n\t\t\t\t\t\tdata-qtmplayer-type=\"track\"\n\t\t\t class=\"qtmplayer-play qtmplayer-link-sec qtmplayer-play-btn\"><i class='material-icons'>play_arrow<\/i><\/span>\n\t\t<p>\n\t\t\t<span class=\"qtmplayer-tit\">Minist\u00e9rio da Sa\u00fade afasta exist\u00eancia de c\u00f3lera na capital e reconhece aumento de doen\u00e7as diarreicas em crian\u00e7as<\/span>\n\t\t\t<span class=\"qtmplayer-art\">RNA<\/span>\n\t\t<\/p>\n\t<\/li>\n\t\t<\/ul>\n\t<\/div>\t\t\t\n\t\n<p>Fonte: RNA<\/p>\n","protected":false},"excerpt":{"rendered":"<p>A Ministra da Sa\u00fade, afastou a exist\u00eancia, na Prov\u00edncia de Luanda, de casos em s\u00e9rie de c\u00f3lera entre as crian\u00e7as. Silvia Lutukuta, reconhece, no entanto, que a capital do pa\u00eds depara-se com um aumento de casos de doen\u00e7as diarreicas. Noutra vertente, a Ministra Silvia Lutukuta, alertou as pessoas que tomaram ...<\/p>\n","protected":false},"author":8,"featured_media":23292,"comment_status":"closed","ping_status":"closed","sticky":false,"template":"","format":"standard","meta":[],"categories":[121,163],"tags":[],"_links":{"self":[{"href":"https:\/\/rna.ao\/rna.ao\/wp-json\/wp\/v2\/posts\/26592"}],"collection":[{"href":"https:\/\/rna.ao\/rna.ao\/wp-json\/wp\/v2\/posts"}],"about":[{"href":"https:\/\/rna.ao\/rna.ao\/wp-json\/wp\/v2\/types\/post"}],"author":[{"embeddable":true,"href":"https:\/\/rna.ao\/rna.ao\/wp-json\/wp\/v2\/users\/8"}],"replies":[{"embeddable":true,"href":"https:\/\/rna.ao\/rna.ao\/wp-json\/wp\/v2\/comments?post=26592"}],"version-history":[{"count":2,"href":"https:\/\/rna.ao\/rna.ao\/wp-json\/wp\/v2\/posts\/26592\/revisions"}],"predecessor-version":[{"id":26624,"href":"https:\/\/rna.ao\/rna.ao\/wp-json\/wp\/v2\/posts\/26592\/revisions\/26624"}],"wp:featuredmedia":[{"embeddable":true,"href":"https:\/\/rna.ao\/rna.ao\/wp-json\/wp\/v2\/media\/23292"}],"wp:attachment":[{"href":"https:\/\/rna.ao\/rna.ao\/wp-json\/wp\/v2\/media?parent=26592"}],"wp:term":[{"taxonomy":"category","embeddable":true,"href":"https:\/\/rna.ao\/rna.ao\/wp-json\/wp\/v2\/categories?post=26592"},{"taxonomy":"post_tag","embeddable":true,"href":"https:\/\/rna.ao\/rna.ao\/wp-json\/wp\/v2\/tags?post=26592"}],"curies":[{"name":"wp","href":"https:\/\/api.w.org\/{rel}","templated":true}]}}