{"id":26574,"date":"2021-06-04T14:09:01","date_gmt":"2021-06-04T13:09:01","guid":{"rendered":"https:\/\/rna.ao\/rna.ao\/?p=26574"},"modified":"2021-06-04T14:09:19","modified_gmt":"2021-06-04T13:09:19","slug":"presidente-do-forum-parlamentar-da-sadc-defende-transformacao-urgente-em-forum-regional","status":"publish","type":"post","link":"https:\/\/rna.ao\/rna.ao\/2021\/06\/04\/presidente-do-forum-parlamentar-da-sadc-defende-transformacao-urgente-em-forum-regional\/","title":{"rendered":"Presidente do F\u00f3rum Parlamentar da SADC defende transforma\u00e7\u00e3o urgente em Parlamento Regional"},"content":{"rendered":"<p><img loading=\"lazy\" class=\"size-full wp-image-26576 alignleft\" src=\"https:\/\/rna.ao\/rna.ao\/wp-content\/uploads\/2021\/06\/Chistophe-Pwanga.png\" alt=\"\" width=\"284\" height=\"232\" \/>O Presidente do F\u00f3rum Parlamentar da SADC defende maior empenho e celeridade, para a transforma\u00e7\u00e3o do f\u00f3rum em Parlamento Regional. O congol\u00eas democrata, Christophe Pwanga, falava esta sexta-feira, 4 de Junho, na abertura da reuni\u00e3o da Comiss\u00e3o Executiva do F\u00f3rum Parlamentar da SADC, que decorre por videoconfer\u00eancia, a partir de Kinshasa, na RDC. Angola participa desta reuni\u00e3o, com uma delega\u00e7\u00e3o chefiada pelo Presidente da Assembleia Nacional, Fernando da Piedade Dias dos Santos. Ou\u00e7a, no \u00e1udio abaixo, mais dados com o jornalista Ant\u00f3nio Chocolate:<\/p>\n\t<div class=\"qtmplayer-playlist-large\">\n\t\t<ul class=\"qtmplayer-playlist\">\n\t\t\t\n\t\t\t\t\t<li class=\"qtmplayer-trackitem\">\n\t\t<img src=\"https:\/\/rna.ao\/rna.ao\/wp-content\/uploads\/2021\/06\/Chistophe-Pwanga-100x100.png\" alt=\"cover\">\t\t<span \t\t\tdata-qtmplayer-cover=\"https:\/\/rna.ao\/rna.ao\/wp-content\/uploads\/2021\/06\/Chistophe-Pwanga.png\"\n\t\t\t\t\t\tdata-qtmplayer-file=\"https:\/\/rna.ao\/rna.ao\/wp-content\/uploads\/2021\/06\/ANTONIO-CHOCOLATE-13HRS.mp3\"\n\t\t\t\t\t\tdata-qtmplayer-title=\"Presidente do F\u00f3rum Parlamentar da SADC defende transforma\u00e7\u00e3o urgente em Parlamento Regional\"\n\t\t\t\t\t\tdata-qtmplayer-artist=\"RNA\"\n\t\t\t\t\t\tdata-qtmplayer-link=\"https:\/\/rna.ao\/rna.ao\/2021\/06\/04\/presidente-do-forum-parlamentar-da-sadc-defende-transformacao-urgente-em-forum-regional\/\"\n\t\t\t\t\t\tdata-qtmplayer-icon=\"file_download\"\n\t\t\t\t\t\tdata-qtmplayer-type=\"track\"\n\t\t\t class=\"qtmplayer-play qtmplayer-link-sec qtmplayer-play-btn\"><i class='material-icons'>play_arrow<\/i><\/span>\n\t\t<p>\n\t\t\t<span class=\"qtmplayer-tit\">Presidente do F\u00f3rum Parlamentar da SADC defende transforma\u00e7\u00e3o urgente em Parlamento Regional<\/span>\n\t\t\t<span class=\"qtmplayer-art\">RNA<\/span>\n\t\t<\/p>\n\t<\/li>\n\t\t<\/ul>\n\t<\/div>\t\t\t\n\t\n<p>Fonte: RNA<\/p>\n","protected":false},"excerpt":{"rendered":"<p>O Presidente do F\u00f3rum Parlamentar da SADC defende maior empenho e celeridade, para a transforma\u00e7\u00e3o do f\u00f3rum em Parlamento Regional. O congol\u00eas democrata, Christophe Pwanga, falava esta sexta-feira, 4 de Junho, na abertura da reuni\u00e3o da Comiss\u00e3o Executiva do F\u00f3rum Parlamentar da SADC, que decorre por videoconfer\u00eancia, a partir de ...<\/p>\n","protected":false},"author":8,"featured_media":26576,"comment_status":"closed","ping_status":"closed","sticky":false,"template":"","format":"standard","meta":[],"categories":[121,163],"tags":[],"_links":{"self":[{"href":"https:\/\/rna.ao\/rna.ao\/wp-json\/wp\/v2\/posts\/26574"}],"collection":[{"href":"https:\/\/rna.ao\/rna.ao\/wp-json\/wp\/v2\/posts"}],"about":[{"href":"https:\/\/rna.ao\/rna.ao\/wp-json\/wp\/v2\/types\/post"}],"author":[{"embeddable":true,"href":"https:\/\/rna.ao\/rna.ao\/wp-json\/wp\/v2\/users\/8"}],"replies":[{"embeddable":true,"href":"https:\/\/rna.ao\/rna.ao\/wp-json\/wp\/v2\/comments?post=26574"}],"version-history":[{"count":2,"href":"https:\/\/rna.ao\/rna.ao\/wp-json\/wp\/v2\/posts\/26574\/revisions"}],"predecessor-version":[{"id":26578,"href":"https:\/\/rna.ao\/rna.ao\/wp-json\/wp\/v2\/posts\/26574\/revisions\/26578"}],"wp:featuredmedia":[{"embeddable":true,"href":"https:\/\/rna.ao\/rna.ao\/wp-json\/wp\/v2\/media\/26576"}],"wp:attachment":[{"href":"https:\/\/rna.ao\/rna.ao\/wp-json\/wp\/v2\/media?parent=26574"}],"wp:term":[{"taxonomy":"category","embeddable":true,"href":"https:\/\/rna.ao\/rna.ao\/wp-json\/wp\/v2\/categories?post=26574"},{"taxonomy":"post_tag","embeddable":true,"href":"https:\/\/rna.ao\/rna.ao\/wp-json\/wp\/v2\/tags?post=26574"}],"curies":[{"name":"wp","href":"https:\/\/api.w.org\/{rel}","templated":true}]}}