{"id":26557,"date":"2021-06-04T13:32:57","date_gmt":"2021-06-04T12:32:57","guid":{"rendered":"https:\/\/rna.ao\/rna.ao\/?p=26557"},"modified":"2021-06-04T14:13:58","modified_gmt":"2021-06-04T13:13:58","slug":"comandante-em-chefe-exonera-e-passa-a-reforma-12-oficias-generais-e-almirantes-das-faa","status":"publish","type":"post","link":"https:\/\/rna.ao\/rna.ao\/2021\/06\/04\/comandante-em-chefe-exonera-e-passa-a-reforma-12-oficias-generais-e-almirantes-das-faa\/","title":{"rendered":"Comandante-Em-Chefe exonera e passa \u00e0 reforma 12 Oficias Generais e Almirantes das FAA"},"content":{"rendered":"<p><img loading=\"lazy\" class=\"size-full wp-image-20187 aligncenter\" src=\"https:\/\/rna.ao\/rna.ao\/wp-content\/uploads\/2021\/04\/palacio.jpg\" alt=\"\" width=\"640\" height=\"427\" \/>O Comandante-em-Chefe das For\u00e7as Armadas Angolanas e Presidente da Rep\u00fablica, Jo\u00e3o Manuel Gon\u00e7alves Louren\u00e7o, exonerou e passou \u00e0 reforma doze Oficiais Generais e Almirantes das FAA, por limite de idade. Destacam-se, entre os Generais, Lucas Paulo Kananay, H\u00e9lder Pita Gr\u00f3s, Job Sunguete, entre outros. O processo de passagem \u00e0 reforma de Oficiais Generais, iniciou h\u00e1 quatro anos, no \u00e2mbito das reformas em curso nas For\u00e7as Armadas Angolanos. saiba mais, no \u00e1udio abaixo, com o jornalista Nelson Pedro:<\/p>\n\t<div class=\"qtmplayer-playlist-large\">\n\t\t<ul class=\"qtmplayer-playlist\">\n\t\t\t\n\t\t\t\t\t<li class=\"qtmplayer-trackitem\">\n\t\t<img src=\"https:\/\/rna.ao\/rna.ao\/wp-content\/uploads\/2021\/04\/palacio-100x100.jpg\" alt=\"cover\">\t\t<span \t\t\tdata-qtmplayer-cover=\"https:\/\/rna.ao\/rna.ao\/wp-content\/uploads\/2021\/04\/palacio-370x370.jpg\"\n\t\t\t\t\t\tdata-qtmplayer-file=\"https:\/\/rna.ao\/rna.ao\/wp-content\/uploads\/2021\/06\/NELSON-PEDRO-GENERAIS-REFORMADOS-13HS.mp3\"\n\t\t\t\t\t\tdata-qtmplayer-title=\"Comandante-Em-Chefe exonera e passa \u00e0 reforma 12 Oficias Generais e Almirantes das FAA\"\n\t\t\t\t\t\tdata-qtmplayer-artist=\"RNA\"\n\t\t\t\t\t\tdata-qtmplayer-link=\"https:\/\/rna.ao\/rna.ao\/2021\/06\/04\/comandante-em-chefe-exonera-e-passa-a-reforma-12-oficias-generais-e-almirantes-das-faa\/\"\n\t\t\t\t\t\tdata-qtmplayer-icon=\"file_download\"\n\t\t\t\t\t\tdata-qtmplayer-type=\"track\"\n\t\t\t class=\"qtmplayer-play qtmplayer-link-sec qtmplayer-play-btn\"><i class='material-icons'>play_arrow<\/i><\/span>\n\t\t<p>\n\t\t\t<span class=\"qtmplayer-tit\">Comandante-Em-Chefe exonera e passa \u00e0 reforma 12 Oficias Generais e Almirantes das FAA<\/span>\n\t\t\t<span class=\"qtmplayer-art\">RNA<\/span>\n\t\t<\/p>\n\t<\/li>\n\t\t<\/ul>\n\t<\/div>\t\t\t\n\t\n<p>Fonte: RNA<\/p>\n","protected":false},"excerpt":{"rendered":"<p>O Comandante-em-Chefe das For\u00e7as Armadas Angolanas e Presidente da Rep\u00fablica, Jo\u00e3o Manuel Gon\u00e7alves Louren\u00e7o, exonerou e passou \u00e0 reforma doze Oficiais Generais e Almirantes das FAA, por limite de idade. Destacam-se, entre os Generais, Lucas Paulo Kananay, H\u00e9lder Pita Gr\u00f3s, Job Sunguete, entre outros. O processo de passagem \u00e0 reforma ...<\/p>\n","protected":false},"author":8,"featured_media":20187,"comment_status":"closed","ping_status":"closed","sticky":false,"template":"","format":"standard","meta":[],"categories":[121,163],"tags":[],"_links":{"self":[{"href":"https:\/\/rna.ao\/rna.ao\/wp-json\/wp\/v2\/posts\/26557"}],"collection":[{"href":"https:\/\/rna.ao\/rna.ao\/wp-json\/wp\/v2\/posts"}],"about":[{"href":"https:\/\/rna.ao\/rna.ao\/wp-json\/wp\/v2\/types\/post"}],"author":[{"embeddable":true,"href":"https:\/\/rna.ao\/rna.ao\/wp-json\/wp\/v2\/users\/8"}],"replies":[{"embeddable":true,"href":"https:\/\/rna.ao\/rna.ao\/wp-json\/wp\/v2\/comments?post=26557"}],"version-history":[{"count":2,"href":"https:\/\/rna.ao\/rna.ao\/wp-json\/wp\/v2\/posts\/26557\/revisions"}],"predecessor-version":[{"id":26580,"href":"https:\/\/rna.ao\/rna.ao\/wp-json\/wp\/v2\/posts\/26557\/revisions\/26580"}],"wp:featuredmedia":[{"embeddable":true,"href":"https:\/\/rna.ao\/rna.ao\/wp-json\/wp\/v2\/media\/20187"}],"wp:attachment":[{"href":"https:\/\/rna.ao\/rna.ao\/wp-json\/wp\/v2\/media?parent=26557"}],"wp:term":[{"taxonomy":"category","embeddable":true,"href":"https:\/\/rna.ao\/rna.ao\/wp-json\/wp\/v2\/categories?post=26557"},{"taxonomy":"post_tag","embeddable":true,"href":"https:\/\/rna.ao\/rna.ao\/wp-json\/wp\/v2\/tags?post=26557"}],"curies":[{"name":"wp","href":"https:\/\/api.w.org\/{rel}","templated":true}]}}