{"id":26548,"date":"2021-06-04T13:21:52","date_gmt":"2021-06-04T12:21:52","guid":{"rendered":"https:\/\/rna.ao\/rna.ao\/?p=26548"},"modified":"2021-06-04T14:15:29","modified_gmt":"2021-06-04T13:15:29","slug":"malanje-medico-agredido-por-familiares-de-um-paciente","status":"publish","type":"post","link":"https:\/\/rna.ao\/rna.ao\/2021\/06\/04\/malanje-medico-agredido-por-familiares-de-um-paciente\/","title":{"rendered":"Malanje: M\u00e9dico agredido pelo familiar de um paciente"},"content":{"rendered":"<p><img loading=\"lazy\" class=\"size-full wp-image-26555 alignleft\" src=\"https:\/\/rna.ao\/rna.ao\/wp-content\/uploads\/2021\/06\/Agressao.jpg\" alt=\"\" width=\"288\" height=\"175\" \/>Na Prov\u00edncia de Malanje um m\u00e9dico foi agredido pelo familiar de um paciente, que faleceu no Hospital Regional local. O cidad\u00e3os detido, julgado e condenado pelo Tribunal de Malanje, j\u00e1 foi posto em liberdade sob o termo de identidade e resid\u00eancia. Ou\u00e7a, no \u00e1udio abaixo, toda hist\u00f3ria na reportagem do Carlos Jorge:<\/p>\n\t<div class=\"qtmplayer-playlist-large\">\n\t\t<ul class=\"qtmplayer-playlist\">\n\t\t\t\n\t\t\t\t\t<li class=\"qtmplayer-trackitem\">\n\t\t<img src=\"https:\/\/rna.ao\/rna.ao\/wp-content\/uploads\/2021\/06\/Agressao-100x100.jpg\" alt=\"cover\">\t\t<span \t\t\tdata-qtmplayer-cover=\"https:\/\/rna.ao\/rna.ao\/wp-content\/uploads\/2021\/06\/Agressao.jpg\"\n\t\t\t\t\t\tdata-qtmplayer-file=\"https:\/\/rna.ao\/rna.ao\/wp-content\/uploads\/2021\/06\/MALANJE-CIDADAO-AGRIDE-MEDICO-13-HRS.mp3\"\n\t\t\t\t\t\tdata-qtmplayer-title=\"Malanje: M\u00e9dico agredido pelo familiar de um paciente\"\n\t\t\t\t\t\tdata-qtmplayer-artist=\"RNA\"\n\t\t\t\t\t\tdata-qtmplayer-link=\"https:\/\/rna.ao\/rna.ao\/2021\/06\/04\/malanje-medico-agredido-por-familiares-de-um-paciente\/\"\n\t\t\t\t\t\tdata-qtmplayer-icon=\"file_download\"\n\t\t\t\t\t\tdata-qtmplayer-type=\"track\"\n\t\t\t class=\"qtmplayer-play qtmplayer-link-sec qtmplayer-play-btn\"><i class='material-icons'>play_arrow<\/i><\/span>\n\t\t<p>\n\t\t\t<span class=\"qtmplayer-tit\">Malanje: M\u00e9dico agredido pelo familiar de um paciente<\/span>\n\t\t\t<span class=\"qtmplayer-art\">RNA<\/span>\n\t\t<\/p>\n\t<\/li>\n\t\t<\/ul>\n\t<\/div>\t\t\t\n\t\n<p>Fonte: RNA<\/p>\n","protected":false},"excerpt":{"rendered":"<p>Na Prov\u00edncia de Malanje um m\u00e9dico foi agredido pelo familiar de um paciente, que faleceu no Hospital Regional local. O cidad\u00e3os detido, julgado e condenado pelo Tribunal de Malanje, j\u00e1 foi posto em liberdade sob o termo de identidade e resid\u00eancia. Ou\u00e7a, no \u00e1udio abaixo, toda hist\u00f3ria na reportagem do ...<\/p>\n","protected":false},"author":8,"featured_media":26555,"comment_status":"closed","ping_status":"closed","sticky":false,"template":"","format":"standard","meta":[],"categories":[121,163],"tags":[],"_links":{"self":[{"href":"https:\/\/rna.ao\/rna.ao\/wp-json\/wp\/v2\/posts\/26548"}],"collection":[{"href":"https:\/\/rna.ao\/rna.ao\/wp-json\/wp\/v2\/posts"}],"about":[{"href":"https:\/\/rna.ao\/rna.ao\/wp-json\/wp\/v2\/types\/post"}],"author":[{"embeddable":true,"href":"https:\/\/rna.ao\/rna.ao\/wp-json\/wp\/v2\/users\/8"}],"replies":[{"embeddable":true,"href":"https:\/\/rna.ao\/rna.ao\/wp-json\/wp\/v2\/comments?post=26548"}],"version-history":[{"count":2,"href":"https:\/\/rna.ao\/rna.ao\/wp-json\/wp\/v2\/posts\/26548\/revisions"}],"predecessor-version":[{"id":26581,"href":"https:\/\/rna.ao\/rna.ao\/wp-json\/wp\/v2\/posts\/26548\/revisions\/26581"}],"wp:featuredmedia":[{"embeddable":true,"href":"https:\/\/rna.ao\/rna.ao\/wp-json\/wp\/v2\/media\/26555"}],"wp:attachment":[{"href":"https:\/\/rna.ao\/rna.ao\/wp-json\/wp\/v2\/media?parent=26548"}],"wp:term":[{"taxonomy":"category","embeddable":true,"href":"https:\/\/rna.ao\/rna.ao\/wp-json\/wp\/v2\/categories?post=26548"},{"taxonomy":"post_tag","embeddable":true,"href":"https:\/\/rna.ao\/rna.ao\/wp-json\/wp\/v2\/tags?post=26548"}],"curies":[{"name":"wp","href":"https:\/\/api.w.org\/{rel}","templated":true}]}}