{"id":26464,"date":"2021-06-04T06:08:12","date_gmt":"2021-06-04T05:08:12","guid":{"rendered":"https:\/\/rna.ao\/rna.ao\/?p=26464"},"modified":"2021-06-05T14:44:09","modified_gmt":"2021-06-05T13:44:09","slug":"cuanza-sul-altos-precos-do-material-de-construcao-cria-dificuldades-aos-empreiteiros-das-obras-do-piim","status":"publish","type":"post","link":"https:\/\/rna.ao\/rna.ao\/2021\/06\/04\/cuanza-sul-altos-precos-do-material-de-construcao-cria-dificuldades-aos-empreiteiros-das-obras-do-piim\/","title":{"rendered":"Cuanza-Sul: Altos pre\u00e7os do material de constru\u00e7\u00e3o cria dificuldades aos empreiteiros das obras do PIIM"},"content":{"rendered":"<p><img loading=\"lazy\" class=\"size-full wp-image-11859 alignleft\" src=\"https:\/\/rna.ao\/rna.ao\/wp-content\/uploads\/2020\/11\/Construcao-civil.jpg\" alt=\"\" width=\"260\" height=\"158\" \/>Os empreiteiros das obras do Programa Integrado de Interven\u00e7\u00e3o nos Munic\u00edpios (PIIM), na Prov\u00edncia do Cuanza-Sul, manifestam dificuldades na conclus\u00e3o das empreitadas, por causa da subida dos pre\u00e7os do material de constru\u00e7\u00e3o. Os empreiteiros reclamam assim, uma revis\u00e3o dos or\u00e7amentos para fazer face \u00e0s dificuldades. Ou\u00e7a, no \u00e1udio abaixo, mais dados com o rep\u00f3rter Fowen Macanja:<\/p>\n\t<div class=\"qtmplayer-playlist-large\">\n\t\t<ul class=\"qtmplayer-playlist\">\n\t\t\t\n\t\t\t\t\t<li class=\"qtmplayer-trackitem\">\n\t\t<img src=\"https:\/\/rna.ao\/rna.ao\/wp-content\/uploads\/2020\/11\/Construcao-civil-100x100.jpg\" alt=\"cover\">\t\t<span \t\t\tdata-qtmplayer-cover=\"https:\/\/rna.ao\/rna.ao\/wp-content\/uploads\/2020\/11\/Construcao-civil.jpg\"\n\t\t\t\t\t\tdata-qtmplayer-file=\"https:\/\/rna.ao\/rna.ao\/wp-content\/uploads\/2021\/06\/KWANZA-SUL-PIIM-06HRS.mp3\"\n\t\t\t\t\t\tdata-qtmplayer-title=\"Cuanza-Sul: Altos pre\u00e7os do material de constru\u00e7\u00e3o cria dificuldades aos empreiteiros das obras do PIIM\"\n\t\t\t\t\t\tdata-qtmplayer-artist=\"RNA\"\n\t\t\t\t\t\tdata-qtmplayer-link=\"https:\/\/rna.ao\/rna.ao\/2021\/06\/04\/cuanza-sul-altos-precos-do-material-de-construcao-cria-dificuldades-aos-empreiteiros-das-obras-do-piim\/\"\n\t\t\t\t\t\tdata-qtmplayer-icon=\"file_download\"\n\t\t\t\t\t\tdata-qtmplayer-type=\"track\"\n\t\t\t class=\"qtmplayer-play qtmplayer-link-sec qtmplayer-play-btn\"><i class='material-icons'>play_arrow<\/i><\/span>\n\t\t<p>\n\t\t\t<span class=\"qtmplayer-tit\">Cuanza-Sul: Altos pre\u00e7os do material de constru\u00e7\u00e3o cria dificuldades aos empreiteiros das obras do PIIM<\/span>\n\t\t\t<span class=\"qtmplayer-art\">RNA<\/span>\n\t\t<\/p>\n\t<\/li>\n\t\t<\/ul>\n\t<\/div>\t\t\t\n\t\n<p>Fonte: RNA<\/p>\n","protected":false},"excerpt":{"rendered":"<p>Os empreiteiros das obras do Programa Integrado de Interven\u00e7\u00e3o nos Munic\u00edpios (PIIM), na Prov\u00edncia do Cuanza-Sul, manifestam dificuldades na conclus\u00e3o das empreitadas, por causa da subida dos pre\u00e7os do material de constru\u00e7\u00e3o. Os empreiteiros reclamam assim, uma revis\u00e3o dos or\u00e7amentos para fazer face \u00e0s dificuldades. Ou\u00e7a, no \u00e1udio abaixo, mais ...<\/p>\n","protected":false},"author":8,"featured_media":11859,"comment_status":"closed","ping_status":"closed","sticky":false,"template":"","format":"standard","meta":[],"categories":[142,121,163],"tags":[],"_links":{"self":[{"href":"https:\/\/rna.ao\/rna.ao\/wp-json\/wp\/v2\/posts\/26464"}],"collection":[{"href":"https:\/\/rna.ao\/rna.ao\/wp-json\/wp\/v2\/posts"}],"about":[{"href":"https:\/\/rna.ao\/rna.ao\/wp-json\/wp\/v2\/types\/post"}],"author":[{"embeddable":true,"href":"https:\/\/rna.ao\/rna.ao\/wp-json\/wp\/v2\/users\/8"}],"replies":[{"embeddable":true,"href":"https:\/\/rna.ao\/rna.ao\/wp-json\/wp\/v2\/comments?post=26464"}],"version-history":[{"count":1,"href":"https:\/\/rna.ao\/rna.ao\/wp-json\/wp\/v2\/posts\/26464\/revisions"}],"predecessor-version":[{"id":26466,"href":"https:\/\/rna.ao\/rna.ao\/wp-json\/wp\/v2\/posts\/26464\/revisions\/26466"}],"wp:featuredmedia":[{"embeddable":true,"href":"https:\/\/rna.ao\/rna.ao\/wp-json\/wp\/v2\/media\/11859"}],"wp:attachment":[{"href":"https:\/\/rna.ao\/rna.ao\/wp-json\/wp\/v2\/media?parent=26464"}],"wp:term":[{"taxonomy":"category","embeddable":true,"href":"https:\/\/rna.ao\/rna.ao\/wp-json\/wp\/v2\/categories?post=26464"},{"taxonomy":"post_tag","embeddable":true,"href":"https:\/\/rna.ao\/rna.ao\/wp-json\/wp\/v2\/tags?post=26464"}],"curies":[{"name":"wp","href":"https:\/\/api.w.org\/{rel}","templated":true}]}}