{"id":26455,"date":"2021-06-04T06:11:58","date_gmt":"2021-06-04T05:11:58","guid":{"rendered":"https:\/\/rna.ao\/rna.ao\/?p=26455"},"modified":"2021-06-04T06:12:31","modified_gmt":"2021-06-04T05:12:31","slug":"cidade-de-brazzaville-peritos-da-ceeac-preparam-ao-detalhe-cimeira-de-chefes-de-estado","status":"publish","type":"post","link":"https:\/\/rna.ao\/rna.ao\/2021\/06\/04\/cidade-de-brazzaville-peritos-da-ceeac-preparam-ao-detalhe-cimeira-de-chefes-de-estado\/","title":{"rendered":"Cidade de Brazzaville: Peritos da CEEAC preparam ao detalhe Cimeira de Chefes de Estado"},"content":{"rendered":"<p><img loading=\"lazy\" class=\"size-full wp-image-26458 alignleft\" src=\"https:\/\/rna.ao\/rna.ao\/wp-content\/uploads\/2021\/06\/Cidade-de-Brazzaville.jpg\" alt=\"\" width=\"316\" height=\"210\" \/>Na capital da Rep\u00fablica do Congo, Brazzaville, os peritos dos pa\u00edses membros da Comunidade Econ\u00f3mica dos Estados da \u00c1frica Central (CEEAC), trabalham, ao detalhe, na agenda a ser submetida \u00e0 Cimeira, que aquele pa\u00eds vizinho acolhe esta sexta-feira, 4 de Junho, que vai, entre outros assuntos, abordar a situa\u00e7\u00e3o pol\u00edtico-militar no Tchad. Ou\u00e7a, no \u00e1udio abaixo, mais detalhes com os enviados especiais da RNA, \u00e0 Brazzaville, Paulo Manolo e J\u00falia Gon\u00e7alves:<\/p>\n\t<div class=\"qtmplayer-playlist-large\">\n\t\t<ul class=\"qtmplayer-playlist\">\n\t\t\t\n\t\t\t\t\t<li class=\"qtmplayer-trackitem\">\n\t\t<img src=\"https:\/\/rna.ao\/rna.ao\/wp-content\/uploads\/2021\/06\/Cidade-de-Brazzaville-100x100.jpg\" alt=\"cover\">\t\t<span \t\t\tdata-qtmplayer-cover=\"https:\/\/rna.ao\/rna.ao\/wp-content\/uploads\/2021\/06\/Cidade-de-Brazzaville.jpg\"\n\t\t\t\t\t\tdata-qtmplayer-file=\"https:\/\/rna.ao\/rna.ao\/wp-content\/uploads\/2021\/06\/JULIA-GONCALVES-CONGO-BV-06-HRS.mp3\"\n\t\t\t\t\t\tdata-qtmplayer-title=\"Cidade de Brazzaville: Peritos da CEEAC preparam ao detalhe Cimeira de Chefes de Estado\"\n\t\t\t\t\t\tdata-qtmplayer-artist=\"RNA\"\n\t\t\t\t\t\tdata-qtmplayer-link=\"https:\/\/rna.ao\/rna.ao\/2021\/06\/04\/cidade-de-brazzaville-peritos-da-ceeac-preparam-ao-detalhe-cimeira-de-chefes-de-estado\/\"\n\t\t\t\t\t\tdata-qtmplayer-icon=\"file_download\"\n\t\t\t\t\t\tdata-qtmplayer-type=\"track\"\n\t\t\t class=\"qtmplayer-play qtmplayer-link-sec qtmplayer-play-btn\"><i class='material-icons'>play_arrow<\/i><\/span>\n\t\t<p>\n\t\t\t<span class=\"qtmplayer-tit\">Cidade de Brazzaville: Peritos da CEEAC preparam ao detalhe Cimeira de Chefes de Estado<\/span>\n\t\t\t<span class=\"qtmplayer-art\">RNA<\/span>\n\t\t<\/p>\n\t<\/li>\n\t\t<\/ul>\n\t<\/div>\t\t\t\n\t\n<p>Fonte: RNA<\/p>\n","protected":false},"excerpt":{"rendered":"<p>Na capital da Rep\u00fablica do Congo, Brazzaville, os peritos dos pa\u00edses membros da Comunidade Econ\u00f3mica dos Estados da \u00c1frica Central (CEEAC), trabalham, ao detalhe, na agenda a ser submetida \u00e0 Cimeira, que aquele pa\u00eds vizinho acolhe esta sexta-feira, 4 de Junho, que vai, entre outros assuntos, abordar a situa\u00e7\u00e3o pol\u00edtico-militar ...<\/p>\n","protected":false},"author":8,"featured_media":26458,"comment_status":"closed","ping_status":"closed","sticky":false,"template":"","format":"standard","meta":[],"categories":[142,121,163],"tags":[],"_links":{"self":[{"href":"https:\/\/rna.ao\/rna.ao\/wp-json\/wp\/v2\/posts\/26455"}],"collection":[{"href":"https:\/\/rna.ao\/rna.ao\/wp-json\/wp\/v2\/posts"}],"about":[{"href":"https:\/\/rna.ao\/rna.ao\/wp-json\/wp\/v2\/types\/post"}],"author":[{"embeddable":true,"href":"https:\/\/rna.ao\/rna.ao\/wp-json\/wp\/v2\/users\/8"}],"replies":[{"embeddable":true,"href":"https:\/\/rna.ao\/rna.ao\/wp-json\/wp\/v2\/comments?post=26455"}],"version-history":[{"count":1,"href":"https:\/\/rna.ao\/rna.ao\/wp-json\/wp\/v2\/posts\/26455\/revisions"}],"predecessor-version":[{"id":26460,"href":"https:\/\/rna.ao\/rna.ao\/wp-json\/wp\/v2\/posts\/26455\/revisions\/26460"}],"wp:featuredmedia":[{"embeddable":true,"href":"https:\/\/rna.ao\/rna.ao\/wp-json\/wp\/v2\/media\/26458"}],"wp:attachment":[{"href":"https:\/\/rna.ao\/rna.ao\/wp-json\/wp\/v2\/media?parent=26455"}],"wp:term":[{"taxonomy":"category","embeddable":true,"href":"https:\/\/rna.ao\/rna.ao\/wp-json\/wp\/v2\/categories?post=26455"},{"taxonomy":"post_tag","embeddable":true,"href":"https:\/\/rna.ao\/rna.ao\/wp-json\/wp\/v2\/tags?post=26455"}],"curies":[{"name":"wp","href":"https:\/\/api.w.org\/{rel}","templated":true}]}}