{"id":26337,"date":"2021-06-03T06:21:51","date_gmt":"2021-06-03T05:21:51","guid":{"rendered":"https:\/\/rna.ao\/rna.ao\/?p=26337"},"modified":"2021-06-03T06:21:51","modified_gmt":"2021-06-03T05:21:51","slug":"vacina-contra-covid-19-governo-de-angola-esta-a-fazer-o-possivel-para-garantir-a-proteccao-dos-grupos-mais-vulneraveis-e-expostos","status":"publish","type":"post","link":"https:\/\/rna.ao\/rna.ao\/2021\/06\/03\/vacina-contra-covid-19-governo-de-angola-esta-a-fazer-o-possivel-para-garantir-a-proteccao-dos-grupos-mais-vulneraveis-e-expostos\/","title":{"rendered":"Vacina Contra Covid-19: Governo de Angola est\u00e1 a fazer o poss\u00edvel para garantir a protec\u00e7\u00e3o dos grupos mais vulner\u00e1veis e expostos"},"content":{"rendered":"<p><img loading=\"lazy\" class=\"size-full wp-image-20308 alignleft\" src=\"https:\/\/rna.ao\/rna.ao\/wp-content\/uploads\/2021\/04\/PR-PRPR-PR.jpg\" alt=\"\" width=\"321\" height=\"214\" \/>O Presidente da Rep\u00fablica, Jo\u00e3o Louren\u00e7o, disse, na quarta-feira, 2 de Junho, que Angola est\u00e1 a responder \u00e0 pandemia da Covid-19, por meio da vacina\u00e7\u00e3o, num contexto de dificuldades econ\u00f3micas e sociais. Jo\u00e3o Louren\u00e7o falava durante a Cimeira sobre a Protec\u00e7\u00e3o da Popula\u00e7\u00e3o Mundial Contra o Perigo da Covid-19, onde uma das abordagens foi a problem\u00e1tica da produ\u00e7\u00e3o e distribui\u00e7\u00e3o de vacinas.<\/p>\n<p>Segundo o Chefe de Estado angolano, foi implantada uma plataforma digital, de gest\u00e3o de vacinas, em seis Prov\u00edncias do pa\u00eds. Clique no \u00e1udio e ou\u00e7a:<\/p>\n\t<div class=\"qtmplayer-playlist-large\">\n\t\t<ul class=\"qtmplayer-playlist\">\n\t\t\t\n\t\t\t\t\t<li class=\"qtmplayer-trackitem\">\n\t\t<img src=\"https:\/\/rna.ao\/rna.ao\/wp-content\/uploads\/2021\/04\/PR-PRPR-PR-100x100.jpg\" alt=\"cover\">\t\t<span \t\t\tdata-qtmplayer-cover=\"https:\/\/rna.ao\/rna.ao\/wp-content\/uploads\/2021\/04\/PR-PRPR-PR.jpg\"\n\t\t\t\t\t\tdata-qtmplayer-file=\"https:\/\/rna.ao\/rna.ao\/wp-content\/uploads\/2021\/06\/JOAO-LOURENCO-6HRS.mp3\"\n\t\t\t\t\t\tdata-qtmplayer-title=\"Vacina Contra Covid-19: Governo de Angola est\u00e1 a fazer o poss\u00edvel para garantir a protec\u00e7\u00e3o dos grupos mais vulner\u00e1veis e expostos\"\n\t\t\t\t\t\tdata-qtmplayer-artist=\"RNA\"\n\t\t\t\t\t\tdata-qtmplayer-link=\"https:\/\/rna.ao\/rna.ao\/2021\/06\/03\/vacina-contra-covid-19-governo-de-angola-esta-a-fazer-o-possivel-para-garantir-a-proteccao-dos-grupos-mais-vulneraveis-e-expostos\/\"\n\t\t\t\t\t\tdata-qtmplayer-icon=\"file_download\"\n\t\t\t\t\t\tdata-qtmplayer-type=\"track\"\n\t\t\t class=\"qtmplayer-play qtmplayer-link-sec qtmplayer-play-btn\"><i class='material-icons'>play_arrow<\/i><\/span>\n\t\t<p>\n\t\t\t<span class=\"qtmplayer-tit\">Vacina Contra Covid-19: Governo de Angola est\u00e1 a fazer o poss\u00edvel para garantir a protec\u00e7\u00e3o dos grupos mais vulner\u00e1veis e expostos<\/span>\n\t\t\t<span class=\"qtmplayer-art\">RNA<\/span>\n\t\t<\/p>\n\t<\/li>\n\t\t<\/ul>\n\t<\/div>\t\t\t\n\t\n<p>Fonte: RNA<\/p>\n","protected":false},"excerpt":{"rendered":"<p>O Presidente da Rep\u00fablica, Jo\u00e3o Louren\u00e7o, disse, na quarta-feira, 2 de Junho, que Angola est\u00e1 a responder \u00e0 pandemia da Covid-19, por meio da vacina\u00e7\u00e3o, num contexto de dificuldades econ\u00f3micas e sociais. Jo\u00e3o Louren\u00e7o falava durante a Cimeira sobre a Protec\u00e7\u00e3o da Popula\u00e7\u00e3o Mundial Contra o Perigo da Covid-19, onde ...<\/p>\n","protected":false},"author":8,"featured_media":20308,"comment_status":"closed","ping_status":"closed","sticky":false,"template":"","format":"standard","meta":[],"categories":[142,121,163],"tags":[],"_links":{"self":[{"href":"https:\/\/rna.ao\/rna.ao\/wp-json\/wp\/v2\/posts\/26337"}],"collection":[{"href":"https:\/\/rna.ao\/rna.ao\/wp-json\/wp\/v2\/posts"}],"about":[{"href":"https:\/\/rna.ao\/rna.ao\/wp-json\/wp\/v2\/types\/post"}],"author":[{"embeddable":true,"href":"https:\/\/rna.ao\/rna.ao\/wp-json\/wp\/v2\/users\/8"}],"replies":[{"embeddable":true,"href":"https:\/\/rna.ao\/rna.ao\/wp-json\/wp\/v2\/comments?post=26337"}],"version-history":[{"count":1,"href":"https:\/\/rna.ao\/rna.ao\/wp-json\/wp\/v2\/posts\/26337\/revisions"}],"predecessor-version":[{"id":26339,"href":"https:\/\/rna.ao\/rna.ao\/wp-json\/wp\/v2\/posts\/26337\/revisions\/26339"}],"wp:featuredmedia":[{"embeddable":true,"href":"https:\/\/rna.ao\/rna.ao\/wp-json\/wp\/v2\/media\/20308"}],"wp:attachment":[{"href":"https:\/\/rna.ao\/rna.ao\/wp-json\/wp\/v2\/media?parent=26337"}],"wp:term":[{"taxonomy":"category","embeddable":true,"href":"https:\/\/rna.ao\/rna.ao\/wp-json\/wp\/v2\/categories?post=26337"},{"taxonomy":"post_tag","embeddable":true,"href":"https:\/\/rna.ao\/rna.ao\/wp-json\/wp\/v2\/tags?post=26337"}],"curies":[{"name":"wp","href":"https:\/\/api.w.org\/{rel}","templated":true}]}}