{"id":26298,"date":"2021-06-02T13:13:26","date_gmt":"2021-06-02T12:13:26","guid":{"rendered":"https:\/\/rna.ao\/rna.ao\/?p=26298"},"modified":"2021-06-02T14:09:11","modified_gmt":"2021-06-02T13:09:11","slug":"mais-de-cinco-mil-frangos-aguardam-por-compradores-na-provincia-da-huila","status":"publish","type":"post","link":"https:\/\/rna.ao\/rna.ao\/2021\/06\/02\/mais-de-cinco-mil-frangos-aguardam-por-compradores-na-provincia-da-huila\/","title":{"rendered":"Mais de cinco mil frangos aguardam por compradores na Prov\u00edncia da Hu\u00edla"},"content":{"rendered":"<p><img loading=\"lazy\" class=\"size-full wp-image-26306 alignleft\" src=\"https:\/\/rna.ao\/rna.ao\/wp-content\/uploads\/2021\/06\/Frigorifico-de-frango-Aviario.jpg\" alt=\"\" width=\"259\" height=\"194\" \/>Nos frigor\u00edficos do avi\u00e1rio de produ\u00e7\u00e3o de abate da Comuna da Hu\u00edla, est\u00e3o cinco mil\u00a0 unidades de frangos \u00e0 espera de clientes. A Unidade tem uma capacidade de produ\u00e7\u00e3o de mil e quinhentos frangos\/dia, mas est\u00e1 apenas a comercializar quinhentas unidades.<\/p>\n<p>O respons\u00e1vel do avi\u00e1rio considera a situa\u00e7\u00e3o insustent\u00e1vel, tendo em conta as despesas para pagamento do pessoal, e assist\u00eancia \u00e0 empresa. O rep\u00f3rter Augusto Jos\u00e9 traz, no \u00e1udio abaixo, toda informa\u00e7\u00e3o complementar:<\/p>\n\t<div class=\"qtmplayer-playlist-large\">\n\t\t<ul class=\"qtmplayer-playlist\">\n\t\t\t\n\t\t\t\t\t<li class=\"qtmplayer-trackitem\">\n\t\t<img src=\"https:\/\/rna.ao\/rna.ao\/wp-content\/uploads\/2021\/06\/Frigorifico-de-frango-Aviario-100x100.jpg\" alt=\"cover\">\t\t<span \t\t\tdata-qtmplayer-cover=\"https:\/\/rna.ao\/rna.ao\/wp-content\/uploads\/2021\/06\/Frigorifico-de-frango-Aviario.jpg\"\n\t\t\t\t\t\tdata-qtmplayer-file=\"https:\/\/rna.ao\/rna.ao\/wp-content\/uploads\/2021\/06\/HUILA-PRODUCAO-DE-FRANGOS-13HRS.mp3\"\n\t\t\t\t\t\tdata-qtmplayer-title=\"Mais de cinco mil frangos aguardam por compradores na Prov\u00edncia da Hu\u00edla\"\n\t\t\t\t\t\tdata-qtmplayer-artist=\"RNA\"\n\t\t\t\t\t\tdata-qtmplayer-link=\"https:\/\/rna.ao\/rna.ao\/2021\/06\/02\/mais-de-cinco-mil-frangos-aguardam-por-compradores-na-provincia-da-huila\/\"\n\t\t\t\t\t\tdata-qtmplayer-icon=\"file_download\"\n\t\t\t\t\t\tdata-qtmplayer-type=\"track\"\n\t\t\t class=\"qtmplayer-play qtmplayer-link-sec qtmplayer-play-btn\"><i class='material-icons'>play_arrow<\/i><\/span>\n\t\t<p>\n\t\t\t<span class=\"qtmplayer-tit\">Mais de cinco mil frangos aguardam por compradores na Prov\u00edncia da Hu\u00edla<\/span>\n\t\t\t<span class=\"qtmplayer-art\">RNA<\/span>\n\t\t<\/p>\n\t<\/li>\n\t\t<\/ul>\n\t<\/div>\t\t\t\n\t\n<p>fonte: RNA<\/p>\n","protected":false},"excerpt":{"rendered":"<p>Nos frigor\u00edficos do avi\u00e1rio de produ\u00e7\u00e3o de abate da Comuna da Hu\u00edla, est\u00e3o cinco mil\u00a0 unidades de frangos \u00e0 espera de clientes. A Unidade tem uma capacidade de produ\u00e7\u00e3o de mil e quinhentos frangos\/dia, mas est\u00e1 apenas a comercializar quinhentas unidades. O respons\u00e1vel do avi\u00e1rio considera a situa\u00e7\u00e3o insustent\u00e1vel, tendo ...<\/p>\n","protected":false},"author":8,"featured_media":26306,"comment_status":"closed","ping_status":"closed","sticky":false,"template":"","format":"standard","meta":[],"categories":[121,163],"tags":[],"_links":{"self":[{"href":"https:\/\/rna.ao\/rna.ao\/wp-json\/wp\/v2\/posts\/26298"}],"collection":[{"href":"https:\/\/rna.ao\/rna.ao\/wp-json\/wp\/v2\/posts"}],"about":[{"href":"https:\/\/rna.ao\/rna.ao\/wp-json\/wp\/v2\/types\/post"}],"author":[{"embeddable":true,"href":"https:\/\/rna.ao\/rna.ao\/wp-json\/wp\/v2\/users\/8"}],"replies":[{"embeddable":true,"href":"https:\/\/rna.ao\/rna.ao\/wp-json\/wp\/v2\/comments?post=26298"}],"version-history":[{"count":2,"href":"https:\/\/rna.ao\/rna.ao\/wp-json\/wp\/v2\/posts\/26298\/revisions"}],"predecessor-version":[{"id":26325,"href":"https:\/\/rna.ao\/rna.ao\/wp-json\/wp\/v2\/posts\/26298\/revisions\/26325"}],"wp:featuredmedia":[{"embeddable":true,"href":"https:\/\/rna.ao\/rna.ao\/wp-json\/wp\/v2\/media\/26306"}],"wp:attachment":[{"href":"https:\/\/rna.ao\/rna.ao\/wp-json\/wp\/v2\/media?parent=26298"}],"wp:term":[{"taxonomy":"category","embeddable":true,"href":"https:\/\/rna.ao\/rna.ao\/wp-json\/wp\/v2\/categories?post=26298"},{"taxonomy":"post_tag","embeddable":true,"href":"https:\/\/rna.ao\/rna.ao\/wp-json\/wp\/v2\/tags?post=26298"}],"curies":[{"name":"wp","href":"https:\/\/api.w.org\/{rel}","templated":true}]}}