{"id":24209,"date":"2021-05-14T13:29:00","date_gmt":"2021-05-14T12:29:00","guid":{"rendered":"https:\/\/rna.ao\/rna.ao\/?p=24209"},"modified":"2021-05-14T13:29:00","modified_gmt":"2021-05-14T12:29:00","slug":"falta-de-certificacao-do-aeroporto-internacional-da-catumbela-esta-a-condicionar-o-desenvolvimento-da-provincia-de-benguela","status":"publish","type":"post","link":"https:\/\/rna.ao\/rna.ao\/2021\/05\/14\/falta-de-certificacao-do-aeroporto-internacional-da-catumbela-esta-a-condicionar-o-desenvolvimento-da-provincia-de-benguela\/","title":{"rendered":"Falta de certifica\u00e7\u00e3o do aeroporto  internacional da Catumbela  est\u00e1 a condicionar  o desenvolvimento da provincia de Benguela"},"content":{"rendered":"<p><img loading=\"lazy\" class=\"wp-image-24213 alignleft\" src=\"https:\/\/rna.ao\/rna.ao\/wp-content\/uploads\/2021\/05\/4c_4512345036036240a54c0d.jpg\" alt=\"\" width=\"283\" height=\"162\" \/>A falta de energia, vias de acesso e a falta de internacionaliza\u00e7\u00e3o do aeroporto da Catumbela, s\u00e3o algumas das preocupa\u00e7\u00f5es que os empres\u00e1rios\u00a0 daquela prov\u00edncia apresentaram ao governador. Em rela\u00e7\u00e3o ao aeroporto da Catumbela, h\u00e1 mais de quatro anos que se espera pela sua certifica\u00e7\u00e3o para operar voos internacionais, situa\u00e7\u00e3o que segundo os empres\u00e1rios est\u00e1 a atrasar o desenvolvimento da prov\u00edncia. Ou\u00e7a, no \u00e1udio abaixo, com mais desenvolvimento na reportagem do Gilceu de Almeida:<\/p>\n\t<div class=\"qtmplayer-playlist-large\">\n\t\t<ul class=\"qtmplayer-playlist\">\n\t\t\t\n\t\t\t\t\t<li class=\"qtmplayer-trackitem\">\n\t\t<img src=\"https:\/\/rna.ao\/rna.ao\/wp-content\/uploads\/2021\/05\/ng1042368-100x100.jpg\" alt=\"cover\">\t\t<span \t\t\tdata-qtmplayer-cover=\"https:\/\/rna.ao\/rna.ao\/wp-content\/uploads\/2021\/05\/ng1042368-370x370.jpg\"\n\t\t\t\t\t\tdata-qtmplayer-file=\"https:\/\/rna.ao\/rna.ao\/wp-content\/uploads\/2021\/05\/BENGUELA-EMPRESARIOS-13-HRS.mp3\"\n\t\t\t\t\t\tdata-qtmplayer-title=\"Falta de certifica\u00e7\u00e3o do aeroporto  internacional da Catumbela  est\u00e1 a condicionar  o desenvolvimento da provincia de Benguela\"\n\t\t\t\t\t\tdata-qtmplayer-artist=\"RNA\"\n\t\t\t\t\t\tdata-qtmplayer-link=\"https:\/\/rna.ao\/rna.ao\/2021\/05\/14\/falta-de-certificacao-do-aeroporto-internacional-da-catumbela-esta-a-condicionar-o-desenvolvimento-da-provincia-de-benguela\/\"\n\t\t\t\t\t\tdata-qtmplayer-icon=\"file_download\"\n\t\t\t\t\t\tdata-qtmplayer-type=\"track\"\n\t\t\t class=\"qtmplayer-play qtmplayer-link-sec qtmplayer-play-btn\"><i class='material-icons'>play_arrow<\/i><\/span>\n\t\t<p>\n\t\t\t<span class=\"qtmplayer-tit\">Falta de certifica\u00e7\u00e3o do aeroporto  internacional da Catumbela  est\u00e1 a condicionar  o desenvolvimento da provincia de Benguela<\/span>\n\t\t\t<span class=\"qtmplayer-art\">RNA<\/span>\n\t\t<\/p>\n\t<\/li>\n\t\t<\/ul>\n\t<\/div>\t\t\t\n\t\n","protected":false},"excerpt":{"rendered":"<p>A falta de energia, vias de acesso e a falta de internacionaliza\u00e7\u00e3o do aeroporto da Catumbela, s\u00e3o algumas das preocupa\u00e7\u00f5es que os empres\u00e1rios\u00a0 daquela prov\u00edncia apresentaram ao governador. Em rela\u00e7\u00e3o ao aeroporto da Catumbela, h\u00e1 mais de quatro anos que se espera pela sua certifica\u00e7\u00e3o para operar voos internacionais, situa\u00e7\u00e3o ...<\/p>\n","protected":false},"author":8,"featured_media":24214,"comment_status":"closed","ping_status":"closed","sticky":false,"template":"","format":"standard","meta":[],"categories":[121,163],"tags":[],"_links":{"self":[{"href":"https:\/\/rna.ao\/rna.ao\/wp-json\/wp\/v2\/posts\/24209"}],"collection":[{"href":"https:\/\/rna.ao\/rna.ao\/wp-json\/wp\/v2\/posts"}],"about":[{"href":"https:\/\/rna.ao\/rna.ao\/wp-json\/wp\/v2\/types\/post"}],"author":[{"embeddable":true,"href":"https:\/\/rna.ao\/rna.ao\/wp-json\/wp\/v2\/users\/8"}],"replies":[{"embeddable":true,"href":"https:\/\/rna.ao\/rna.ao\/wp-json\/wp\/v2\/comments?post=24209"}],"version-history":[{"count":1,"href":"https:\/\/rna.ao\/rna.ao\/wp-json\/wp\/v2\/posts\/24209\/revisions"}],"predecessor-version":[{"id":24217,"href":"https:\/\/rna.ao\/rna.ao\/wp-json\/wp\/v2\/posts\/24209\/revisions\/24217"}],"wp:featuredmedia":[{"embeddable":true,"href":"https:\/\/rna.ao\/rna.ao\/wp-json\/wp\/v2\/media\/24214"}],"wp:attachment":[{"href":"https:\/\/rna.ao\/rna.ao\/wp-json\/wp\/v2\/media?parent=24209"}],"wp:term":[{"taxonomy":"category","embeddable":true,"href":"https:\/\/rna.ao\/rna.ao\/wp-json\/wp\/v2\/categories?post=24209"},{"taxonomy":"post_tag","embeddable":true,"href":"https:\/\/rna.ao\/rna.ao\/wp-json\/wp\/v2\/tags?post=24209"}],"curies":[{"name":"wp","href":"https:\/\/api.w.org\/{rel}","templated":true}]}}