{"id":24168,"date":"2021-05-14T07:47:39","date_gmt":"2021-05-14T06:47:39","guid":{"rendered":"https:\/\/rna.ao\/rna.ao\/?p=24168"},"modified":"2021-05-14T08:19:13","modified_gmt":"2021-05-14T07:19:13","slug":"governador-do-bie-quer-um-sector-agropecuario-forte-e-activo-na-provincia-no-quadro-do-prodesi","status":"publish","type":"post","link":"https:\/\/rna.ao\/rna.ao\/2021\/05\/14\/governador-do-bie-quer-um-sector-agropecuario-forte-e-activo-na-provincia-no-quadro-do-prodesi\/","title":{"rendered":"Governador do Bi\u00e9 quer um sector agropecu\u00e1rio forte e activo na prov\u00edncia no quadro do PRODESI"},"content":{"rendered":"<p><img loading=\"lazy\" class=\"size-full wp-image-24178 alignleft\" src=\"https:\/\/rna.ao\/rna.ao\/wp-content\/uploads\/2021\/05\/Pereira-Afredo-visita-Catabola.jpg\" alt=\"\" width=\"288\" height=\"192\" \/>O Governador da Prov\u00edncia do Bi\u00e9, Pereira Alfredo, quer ver o sector agroindustrial local forte e activo, no quadro do PRODESI. Neste sentido, Pereira Alfredo deslocou-se ao Munic\u00edpio da Catabola, onde manteve encontro com a comunidade. Clique, no \u00e1udio abaixo, e ou\u00e7a a rep\u00f3rter Cec\u00edlia dos Santos com toda informa\u00e7\u00e3o:<\/p>\n\t<div class=\"qtmplayer-playlist-large\">\n\t\t<ul class=\"qtmplayer-playlist\">\n\t\t\t\n\t\t\t\t\t<li class=\"qtmplayer-trackitem\">\n\t\t<img src=\"https:\/\/rna.ao\/rna.ao\/wp-content\/uploads\/2021\/05\/Pereira-Afredo-visita-Catabola-100x100.jpg\" alt=\"cover\">\t\t<span \t\t\tdata-qtmplayer-cover=\"https:\/\/rna.ao\/rna.ao\/wp-content\/uploads\/2021\/05\/Pereira-Afredo-visita-Catabola.jpg\"\n\t\t\t\t\t\tdata-qtmplayer-file=\"https:\/\/rna.ao\/rna.ao\/wp-content\/uploads\/2021\/05\/BIE-VISITA-DO-GOVERNADOR-07HRS.mp3\"\n\t\t\t\t\t\tdata-qtmplayer-title=\"Governador do Bi\u00e9 quer um sector agropecu\u00e1rio forte e activo na prov\u00edncia no quadro do PRODESI\"\n\t\t\t\t\t\tdata-qtmplayer-artist=\"RNA\"\n\t\t\t\t\t\tdata-qtmplayer-link=\"https:\/\/rna.ao\/rna.ao\/2021\/05\/14\/governador-do-bie-quer-um-sector-agropecuario-forte-e-activo-na-provincia-no-quadro-do-prodesi\/\"\n\t\t\t\t\t\tdata-qtmplayer-icon=\"file_download\"\n\t\t\t\t\t\tdata-qtmplayer-type=\"track\"\n\t\t\t class=\"qtmplayer-play qtmplayer-link-sec qtmplayer-play-btn\"><i class='material-icons'>play_arrow<\/i><\/span>\n\t\t<p>\n\t\t\t<span class=\"qtmplayer-tit\">Governador do Bi\u00e9 quer um sector agropecu\u00e1rio forte e activo na prov\u00edncia no quadro do PRODESI<\/span>\n\t\t\t<span class=\"qtmplayer-art\">RNA<\/span>\n\t\t<\/p>\n\t<\/li>\n\t\t<\/ul>\n\t<\/div>\t\t\t\n\t\n<p>Fonte: RNA<\/p>\n","protected":false},"excerpt":{"rendered":"<p>O Governador da Prov\u00edncia do Bi\u00e9, Pereira Alfredo, quer ver o sector agroindustrial local forte e activo, no quadro do PRODESI. Neste sentido, Pereira Alfredo deslocou-se ao Munic\u00edpio da Catabola, onde manteve encontro com a comunidade. Clique, no \u00e1udio abaixo, e ou\u00e7a a rep\u00f3rter Cec\u00edlia dos Santos com toda informa\u00e7\u00e3o: ...<\/p>\n","protected":false},"author":8,"featured_media":24178,"comment_status":"closed","ping_status":"closed","sticky":false,"template":"","format":"standard","meta":[],"categories":[142,121,163],"tags":[],"_links":{"self":[{"href":"https:\/\/rna.ao\/rna.ao\/wp-json\/wp\/v2\/posts\/24168"}],"collection":[{"href":"https:\/\/rna.ao\/rna.ao\/wp-json\/wp\/v2\/posts"}],"about":[{"href":"https:\/\/rna.ao\/rna.ao\/wp-json\/wp\/v2\/types\/post"}],"author":[{"embeddable":true,"href":"https:\/\/rna.ao\/rna.ao\/wp-json\/wp\/v2\/users\/8"}],"replies":[{"embeddable":true,"href":"https:\/\/rna.ao\/rna.ao\/wp-json\/wp\/v2\/comments?post=24168"}],"version-history":[{"count":2,"href":"https:\/\/rna.ao\/rna.ao\/wp-json\/wp\/v2\/posts\/24168\/revisions"}],"predecessor-version":[{"id":24187,"href":"https:\/\/rna.ao\/rna.ao\/wp-json\/wp\/v2\/posts\/24168\/revisions\/24187"}],"wp:featuredmedia":[{"embeddable":true,"href":"https:\/\/rna.ao\/rna.ao\/wp-json\/wp\/v2\/media\/24178"}],"wp:attachment":[{"href":"https:\/\/rna.ao\/rna.ao\/wp-json\/wp\/v2\/media?parent=24168"}],"wp:term":[{"taxonomy":"category","embeddable":true,"href":"https:\/\/rna.ao\/rna.ao\/wp-json\/wp\/v2\/categories?post=24168"},{"taxonomy":"post_tag","embeddable":true,"href":"https:\/\/rna.ao\/rna.ao\/wp-json\/wp\/v2\/tags?post=24168"}],"curies":[{"name":"wp","href":"https:\/\/api.w.org\/{rel}","templated":true}]}}