{"id":23932,"date":"2021-05-12T06:28:46","date_gmt":"2021-05-12T05:28:46","guid":{"rendered":"https:\/\/rna.ao\/rna.ao\/?p=23932"},"modified":"2021-05-12T08:58:08","modified_gmt":"2021-05-12T07:58:08","slug":"provincia-de-malanje-ganha-nova-agremiacao-desportiva-denominada-22-de-junho","status":"publish","type":"post","link":"https:\/\/rna.ao\/rna.ao\/2021\/05\/12\/provincia-de-malanje-ganha-nova-agremiacao-desportiva-denominada-22-de-junho\/","title":{"rendered":"Prov\u00edncia de Malanje ganha nova agremia\u00e7\u00e3o desportiva denominada &#8220;22 de Junho&#8221;"},"content":{"rendered":"<p style=\"font-weight: 400;\"><img loading=\"lazy\" class=\"wp-image-7112 alignleft\" src=\"https:\/\/rna.ao\/rna.ao\/wp-content\/uploads\/2020\/10\/bola-no-pe-2-770x578.jpg\" alt=\"\" width=\"182\" height=\"137\" srcset=\"https:\/\/rna.ao\/rna.ao\/wp-content\/uploads\/2020\/10\/bola-no-pe-2-770x578.jpg 770w, https:\/\/rna.ao\/rna.ao\/wp-content\/uploads\/2020\/10\/bola-no-pe-2-768x576.jpg 768w, https:\/\/rna.ao\/rna.ao\/wp-content\/uploads\/2020\/10\/bola-no-pe-2.jpg 800w\" sizes=\"(max-width: 182px) 100vw, 182px\" \/>A Prov\u00edncia\u00a0 de Malange \u00a0tem\u00a0 novo clube desportivo. Trata-se \u00a0do &#8220;Clube Desportivo 22 de\u00a0 Junho de Malanje&#8221;, nova agremia\u00e7\u00e3o afecta a\u00a0 Delega\u00e7\u00e3o Provincial do Interior, nas terras da Palanca Negra Gigante. Clique, no \u00e1udio abaixo, e ou\u00e7a o rep\u00f3rter Francisco dos Santos com mais desenvolvimento:<\/p>\n\t<div class=\"qtmplayer-playlist-large\">\n\t\t<ul class=\"qtmplayer-playlist\">\n\t\t\t\n\t\t\t\t\t<li class=\"qtmplayer-trackitem\">\n\t\t<img src=\"https:\/\/rna.ao\/rna.ao\/wp-content\/uploads\/2020\/10\/bola-no-pe-2-100x100.jpg\" alt=\"cover\">\t\t<span \t\t\tdata-qtmplayer-cover=\"https:\/\/rna.ao\/rna.ao\/wp-content\/uploads\/2020\/10\/bola-no-pe-2-370x370.jpg\"\n\t\t\t\t\t\tdata-qtmplayer-file=\"https:\/\/rna.ao\/rna.ao\/wp-content\/uploads\/2021\/05\/11-FRANCISCO-DOS-SANTOS-11-05-2021.mp3\"\n\t\t\t\t\t\tdata-qtmplayer-title=\"Prov\u00edncia de Malanje ganha nova agremia\u00e7\u00e3o desportiva denominada &#8220;22 de Junho&#8221;\"\n\t\t\t\t\t\tdata-qtmplayer-artist=\"RNA\"\n\t\t\t\t\t\tdata-qtmplayer-link=\"https:\/\/rna.ao\/rna.ao\/2021\/05\/12\/provincia-de-malanje-ganha-nova-agremiacao-desportiva-denominada-22-de-junho\/\"\n\t\t\t\t\t\tdata-qtmplayer-icon=\"file_download\"\n\t\t\t\t\t\tdata-qtmplayer-type=\"track\"\n\t\t\t class=\"qtmplayer-play qtmplayer-link-sec qtmplayer-play-btn\"><i class='material-icons'>play_arrow<\/i><\/span>\n\t\t<p>\n\t\t\t<span class=\"qtmplayer-tit\">Prov\u00edncia de Malanje ganha nova agremia\u00e7\u00e3o desportiva denominada &#8220;22 de Junho&#8221;<\/span>\n\t\t\t<span class=\"qtmplayer-art\">RNA<\/span>\n\t\t<\/p>\n\t<\/li>\n\t\t<\/ul>\n\t<\/div>\t\t\t\n\t\n<p style=\"font-weight: 400;\">Fonte: R\u00e1dio 5\/RNA<\/p>\n","protected":false},"excerpt":{"rendered":"<p>A Prov\u00edncia\u00a0 de Malange \u00a0tem\u00a0 novo clube desportivo. Trata-se \u00a0do &#8220;Clube Desportivo 22 de\u00a0 Junho de Malanje&#8221;, nova agremia\u00e7\u00e3o afecta a\u00a0 Delega\u00e7\u00e3o Provincial do Interior, nas terras da Palanca Negra Gigante. Clique, no \u00e1udio abaixo, e ou\u00e7a o rep\u00f3rter Francisco dos Santos com mais desenvolvimento: Fonte: R\u00e1dio 5\/RNA<\/p>\n","protected":false},"author":8,"featured_media":7112,"comment_status":"closed","ping_status":"closed","sticky":false,"template":"","format":"standard","meta":[],"categories":[145,125,164],"tags":[],"_links":{"self":[{"href":"https:\/\/rna.ao\/rna.ao\/wp-json\/wp\/v2\/posts\/23932"}],"collection":[{"href":"https:\/\/rna.ao\/rna.ao\/wp-json\/wp\/v2\/posts"}],"about":[{"href":"https:\/\/rna.ao\/rna.ao\/wp-json\/wp\/v2\/types\/post"}],"author":[{"embeddable":true,"href":"https:\/\/rna.ao\/rna.ao\/wp-json\/wp\/v2\/users\/8"}],"replies":[{"embeddable":true,"href":"https:\/\/rna.ao\/rna.ao\/wp-json\/wp\/v2\/comments?post=23932"}],"version-history":[{"count":1,"href":"https:\/\/rna.ao\/rna.ao\/wp-json\/wp\/v2\/posts\/23932\/revisions"}],"predecessor-version":[{"id":23935,"href":"https:\/\/rna.ao\/rna.ao\/wp-json\/wp\/v2\/posts\/23932\/revisions\/23935"}],"wp:featuredmedia":[{"embeddable":true,"href":"https:\/\/rna.ao\/rna.ao\/wp-json\/wp\/v2\/media\/7112"}],"wp:attachment":[{"href":"https:\/\/rna.ao\/rna.ao\/wp-json\/wp\/v2\/media?parent=23932"}],"wp:term":[{"taxonomy":"category","embeddable":true,"href":"https:\/\/rna.ao\/rna.ao\/wp-json\/wp\/v2\/categories?post=23932"},{"taxonomy":"post_tag","embeddable":true,"href":"https:\/\/rna.ao\/rna.ao\/wp-json\/wp\/v2\/tags?post=23932"}],"curies":[{"name":"wp","href":"https:\/\/api.w.org\/{rel}","templated":true}]}}