{"id":23916,"date":"2021-05-12T07:31:01","date_gmt":"2021-05-12T06:31:01","guid":{"rendered":"https:\/\/rna.ao\/rna.ao\/?p=23916"},"modified":"2021-05-12T07:55:04","modified_gmt":"2021-05-12T06:55:04","slug":"anpg-esclarece-termos-de-referencia-dos-blocos-petroliferos-em-licitacao","status":"publish","type":"post","link":"https:\/\/rna.ao\/rna.ao\/2021\/05\/12\/anpg-esclarece-termos-de-referencia-dos-blocos-petroliferos-em-licitacao\/","title":{"rendered":"ANPG esclarece termos de refer\u00eancia dos Blocos Petrol\u00edferos em Licita\u00e7\u00e3o"},"content":{"rendered":"<p><img loading=\"lazy\" class=\"size-full wp-image-23919 alignleft\" src=\"https:\/\/rna.ao\/rna.ao\/wp-content\/uploads\/2021\/05\/Hermenegildo-Buila.jpg\" alt=\"\" width=\"297\" height=\"170\" \/>A Ag\u00eancia Nacional de Petr\u00f3leo e G\u00e1s (ANPG) promove esta quarta-feira, 12 de Maio, uma sess\u00e3o de esclarecimentos sobre os termos de refer\u00eancia dos Blocos Petrol\u00edferos, que v\u00e3o \u00e0 licita\u00e7\u00e3o. S\u00e3o, no total, nove Blocos das Bacias terrestres do Congo e do Kwanza, cujo lan\u00e7amento de abertura foi feito a 30 de Abril, \u00faltimo.<\/p>\n<p>O director de neg\u00f3cios da ANPG, Hermenegildo Buila, afirmou que trata-se de uma ac\u00e7\u00e3o, que visa ajudar as empresas interessadas em concorrer a uma licen\u00e7a petrol\u00edfera. Clique no \u00e1udio e ou\u00e7a:<\/p>\n\t<div class=\"qtmplayer-playlist-large\">\n\t\t<ul class=\"qtmplayer-playlist\">\n\t\t\t\n\t\t\t\t\t<li class=\"qtmplayer-trackitem\">\n\t\t<img src=\"https:\/\/rna.ao\/rna.ao\/wp-content\/uploads\/2021\/05\/Hermenegildo-Buila-100x100.jpg\" alt=\"cover\">\t\t<span \t\t\tdata-qtmplayer-cover=\"https:\/\/rna.ao\/rna.ao\/wp-content\/uploads\/2021\/05\/Hermenegildo-Buila.jpg\"\n\t\t\t\t\t\tdata-qtmplayer-file=\"https:\/\/rna.ao\/rna.ao\/wp-content\/uploads\/2021\/05\/HERMENEGILDO-BUILA-1-7HRS.mp3\"\n\t\t\t\t\t\tdata-qtmplayer-title=\"ANPG esclarece termos de refer\u00eancia dos Blocos Petrol\u00edferos em Licita\u00e7\u00e3o\"\n\t\t\t\t\t\tdata-qtmplayer-artist=\"RNA\"\n\t\t\t\t\t\tdata-qtmplayer-link=\"https:\/\/rna.ao\/rna.ao\/2021\/05\/12\/anpg-esclarece-termos-de-referencia-dos-blocos-petroliferos-em-licitacao\/\"\n\t\t\t\t\t\tdata-qtmplayer-icon=\"file_download\"\n\t\t\t\t\t\tdata-qtmplayer-type=\"track\"\n\t\t\t class=\"qtmplayer-play qtmplayer-link-sec qtmplayer-play-btn\"><i class='material-icons'>play_arrow<\/i><\/span>\n\t\t<p>\n\t\t\t<span class=\"qtmplayer-tit\">ANPG esclarece termos de refer\u00eancia dos Blocos Petrol\u00edferos em Licita\u00e7\u00e3o<\/span>\n\t\t\t<span class=\"qtmplayer-art\">RNA<\/span>\n\t\t<\/p>\n\t<\/li>\n\t\t<\/ul>\n\t<\/div>\t\t\t\n\t\n<p>Hermenegildo Buila avan\u00e7ou, ainda, que h\u00e1 um grande interesse, de empresas nacionais e estrangeiras, em participar neste processo, cujo os vencedores ser\u00e3o conhecidos, nos pr\u00f3ximos dias. Clique no \u00e1udio e ou\u00e7a:<\/p>\n\t<div class=\"qtmplayer-playlist-large\">\n\t\t<ul class=\"qtmplayer-playlist\">\n\t\t\t\n\t\t\t\t\t<li class=\"qtmplayer-trackitem\">\n\t\t<img src=\"https:\/\/rna.ao\/rna.ao\/wp-content\/uploads\/2021\/05\/Hermenegildo-Buila-100x100.jpg\" alt=\"cover\">\t\t<span \t\t\tdata-qtmplayer-cover=\"https:\/\/rna.ao\/rna.ao\/wp-content\/uploads\/2021\/05\/Hermenegildo-Buila.jpg\"\n\t\t\t\t\t\tdata-qtmplayer-file=\"https:\/\/rna.ao\/rna.ao\/wp-content\/uploads\/2021\/05\/HERMENEGILDO-BUILA-2-7HRS.mp3\"\n\t\t\t\t\t\tdata-qtmplayer-title=\"ANPG esclarece termos de refer\u00eancia dos Blocos Petrol\u00edferos em Licita\u00e7\u00e3o\"\n\t\t\t\t\t\tdata-qtmplayer-artist=\"RNA\"\n\t\t\t\t\t\tdata-qtmplayer-link=\"https:\/\/rna.ao\/rna.ao\/2021\/05\/12\/anpg-esclarece-termos-de-referencia-dos-blocos-petroliferos-em-licitacao\/\"\n\t\t\t\t\t\tdata-qtmplayer-icon=\"file_download\"\n\t\t\t\t\t\tdata-qtmplayer-type=\"track\"\n\t\t\t class=\"qtmplayer-play qtmplayer-link-sec qtmplayer-play-btn\"><i class='material-icons'>play_arrow<\/i><\/span>\n\t\t<p>\n\t\t\t<span class=\"qtmplayer-tit\">ANPG esclarece termos de refer\u00eancia dos Blocos Petrol\u00edferos em Licita\u00e7\u00e3o<\/span>\n\t\t\t<span class=\"qtmplayer-art\">RNA<\/span>\n\t\t<\/p>\n\t<\/li>\n\t\t<\/ul>\n\t<\/div>\t\t\t\n\t\n<p>Fonte: RNA<\/p>\n","protected":false},"excerpt":{"rendered":"<p>A Ag\u00eancia Nacional de Petr\u00f3leo e G\u00e1s (ANPG) promove esta quarta-feira, 12 de Maio, uma sess\u00e3o de esclarecimentos sobre os termos de refer\u00eancia dos Blocos Petrol\u00edferos, que v\u00e3o \u00e0 licita\u00e7\u00e3o. S\u00e3o, no total, nove Blocos das Bacias terrestres do Congo e do Kwanza, cujo lan\u00e7amento de abertura foi feito a ...<\/p>\n","protected":false},"author":8,"featured_media":23919,"comment_status":"closed","ping_status":"closed","sticky":false,"template":"","format":"standard","meta":[],"categories":[142,121,163],"tags":[],"_links":{"self":[{"href":"https:\/\/rna.ao\/rna.ao\/wp-json\/wp\/v2\/posts\/23916"}],"collection":[{"href":"https:\/\/rna.ao\/rna.ao\/wp-json\/wp\/v2\/posts"}],"about":[{"href":"https:\/\/rna.ao\/rna.ao\/wp-json\/wp\/v2\/types\/post"}],"author":[{"embeddable":true,"href":"https:\/\/rna.ao\/rna.ao\/wp-json\/wp\/v2\/users\/8"}],"replies":[{"embeddable":true,"href":"https:\/\/rna.ao\/rna.ao\/wp-json\/wp\/v2\/comments?post=23916"}],"version-history":[{"count":1,"href":"https:\/\/rna.ao\/rna.ao\/wp-json\/wp\/v2\/posts\/23916\/revisions"}],"predecessor-version":[{"id":23920,"href":"https:\/\/rna.ao\/rna.ao\/wp-json\/wp\/v2\/posts\/23916\/revisions\/23920"}],"wp:featuredmedia":[{"embeddable":true,"href":"https:\/\/rna.ao\/rna.ao\/wp-json\/wp\/v2\/media\/23919"}],"wp:attachment":[{"href":"https:\/\/rna.ao\/rna.ao\/wp-json\/wp\/v2\/media?parent=23916"}],"wp:term":[{"taxonomy":"category","embeddable":true,"href":"https:\/\/rna.ao\/rna.ao\/wp-json\/wp\/v2\/categories?post=23916"},{"taxonomy":"post_tag","embeddable":true,"href":"https:\/\/rna.ao\/rna.ao\/wp-json\/wp\/v2\/tags?post=23916"}],"curies":[{"name":"wp","href":"https:\/\/api.w.org\/{rel}","templated":true}]}}