{"id":23911,"date":"2021-05-12T07:40:37","date_gmt":"2021-05-12T06:40:37","guid":{"rendered":"https:\/\/rna.ao\/rna.ao\/?p=23911"},"modified":"2021-05-12T09:06:12","modified_gmt":"2021-05-12T08:06:12","slug":"lunda-norte-municipios-do-chitato-e-cuando-ganham-tribunais-de-comarca","status":"publish","type":"post","link":"https:\/\/rna.ao\/rna.ao\/2021\/05\/12\/lunda-norte-municipios-do-chitato-e-cuando-ganham-tribunais-de-comarca\/","title":{"rendered":"Lunda-Norte: Munic\u00edpios do Chitato e Cuando ganham Tribunais de Comarca"},"content":{"rendered":"<p><img loading=\"lazy\" class=\"size-full wp-image-15538 alignleft\" src=\"https:\/\/rna.ao\/rna.ao\/wp-content\/uploads\/2021\/01\/Justica-Martelo-222.jpg\" alt=\"\" width=\"295\" height=\"163\" \/>Os Munic\u00edpios do Chitato e do Cuango, na Prov\u00edncia da Lunda-Norte, ganham nesta quinta-feira, 13 de Maio, Tribunais de Comarca. As cerim\u00f3nias de inaugura\u00e7\u00e3o das duas Comarcas, ser\u00e3o presididas pelo Presidente do Tribunal Supremo, Joel Leonardo. A confirma\u00e7\u00e3o \u00e9 do porta-voz do Tribunal Supremo, Pedro Chilicuesse. Clique, no \u00e1udio abaixo, e ou\u00e7a:<\/p>\n\t<div class=\"qtmplayer-playlist-large\">\n\t\t<ul class=\"qtmplayer-playlist\">\n\t\t\t\n\t\t\t\t\t<li class=\"qtmplayer-trackitem\">\n\t\t<img src=\"https:\/\/rna.ao\/rna.ao\/wp-content\/uploads\/2021\/01\/Justica-Martelo-222-100x100.jpg\" alt=\"cover\">\t\t<span \t\t\tdata-qtmplayer-cover=\"https:\/\/rna.ao\/rna.ao\/wp-content\/uploads\/2021\/01\/Justica-Martelo-222.jpg\"\n\t\t\t\t\t\tdata-qtmplayer-file=\"https:\/\/rna.ao\/rna.ao\/wp-content\/uploads\/2021\/05\/PEDRO-CHILICUESSE-1-7HRS.mp3\"\n\t\t\t\t\t\tdata-qtmplayer-title=\"Lunda-Norte: Munic\u00edpios do Chitato e Cuando ganham Tribunais de Comarca\"\n\t\t\t\t\t\tdata-qtmplayer-artist=\"RNA\"\n\t\t\t\t\t\tdata-qtmplayer-link=\"https:\/\/rna.ao\/rna.ao\/2021\/05\/12\/lunda-norte-municipios-do-chitato-e-cuando-ganham-tribunais-de-comarca\/\"\n\t\t\t\t\t\tdata-qtmplayer-icon=\"file_download\"\n\t\t\t\t\t\tdata-qtmplayer-type=\"track\"\n\t\t\t class=\"qtmplayer-play qtmplayer-link-sec qtmplayer-play-btn\"><i class='material-icons'>play_arrow<\/i><\/span>\n\t\t<p>\n\t\t\t<span class=\"qtmplayer-tit\">Lunda-Norte: Munic\u00edpios do Chitato e Cuando ganham Tribunais de Comarca<\/span>\n\t\t\t<span class=\"qtmplayer-art\">RNA<\/span>\n\t\t<\/p>\n\t<\/li>\n\t\t<\/ul>\n\t<\/div>\t\t\t\n\t\n<p>Segundo Pedro Chilicuesse, na sequ\u00eancia da inaugura\u00e7\u00e3o dos dois Tribunais de Comarca ser\u00e3o, igualmente, empossados os respectivos ju\u00edzes-presidentes. Clique, no \u00e1udio e ou\u00e7a:<\/p>\n\t<div class=\"qtmplayer-playlist-large\">\n\t\t<ul class=\"qtmplayer-playlist\">\n\t\t\t\n\t\t\t\t\t<li class=\"qtmplayer-trackitem\">\n\t\t<img src=\"https:\/\/rna.ao\/rna.ao\/wp-content\/uploads\/2021\/01\/Justica-Martelo-222-100x100.jpg\" alt=\"cover\">\t\t<span \t\t\tdata-qtmplayer-cover=\"https:\/\/rna.ao\/rna.ao\/wp-content\/uploads\/2021\/01\/Justica-Martelo-222.jpg\"\n\t\t\t\t\t\tdata-qtmplayer-file=\"https:\/\/rna.ao\/rna.ao\/wp-content\/uploads\/2021\/05\/PEDRO-CHILICUESSE-2-7HRS.mp3\"\n\t\t\t\t\t\tdata-qtmplayer-title=\"Lunda-Norte: Munic\u00edpios do Chitato e Cuando ganham Tribunais de Comarca\"\n\t\t\t\t\t\tdata-qtmplayer-artist=\"RNA\"\n\t\t\t\t\t\tdata-qtmplayer-link=\"https:\/\/rna.ao\/rna.ao\/2021\/05\/12\/lunda-norte-municipios-do-chitato-e-cuando-ganham-tribunais-de-comarca\/\"\n\t\t\t\t\t\tdata-qtmplayer-icon=\"file_download\"\n\t\t\t\t\t\tdata-qtmplayer-type=\"track\"\n\t\t\t class=\"qtmplayer-play qtmplayer-link-sec qtmplayer-play-btn\"><i class='material-icons'>play_arrow<\/i><\/span>\n\t\t<p>\n\t\t\t<span class=\"qtmplayer-tit\">Lunda-Norte: Munic\u00edpios do Chitato e Cuando ganham Tribunais de Comarca<\/span>\n\t\t\t<span class=\"qtmplayer-art\">RNA<\/span>\n\t\t<\/p>\n\t<\/li>\n\t\t<\/ul>\n\t<\/div>\t\t\t\n\t\n<p>Pedro Chilicuesse diz, que as ac\u00e7\u00f5es do Tribunal Supremo, na Lunda-Norte, enquadram-se nas medidas do executivo, para a facilita\u00e7\u00e3o do acesso dos cidad\u00e3os \u00e0 justi\u00e7a. Clique no \u00e1udio e ou\u00e7a:<\/p>\n\t<div class=\"qtmplayer-playlist-large\">\n\t\t<ul class=\"qtmplayer-playlist\">\n\t\t\t\n\t\t\t\t\t<li class=\"qtmplayer-trackitem\">\n\t\t<img src=\"https:\/\/rna.ao\/rna.ao\/wp-content\/uploads\/2021\/01\/Justica-Martelo-222-100x100.jpg\" alt=\"cover\">\t\t<span \t\t\tdata-qtmplayer-cover=\"https:\/\/rna.ao\/rna.ao\/wp-content\/uploads\/2021\/01\/Justica-Martelo-222.jpg\"\n\t\t\t\t\t\tdata-qtmplayer-file=\"https:\/\/rna.ao\/rna.ao\/wp-content\/uploads\/2021\/05\/PEDRO-CHILICUESSE-3-7HRS.mp3\"\n\t\t\t\t\t\tdata-qtmplayer-title=\"Lunda-Norte: Munic\u00edpios do Chitato e Cuando ganham Tribunais de Comarca\"\n\t\t\t\t\t\tdata-qtmplayer-artist=\"RNA\"\n\t\t\t\t\t\tdata-qtmplayer-link=\"https:\/\/rna.ao\/rna.ao\/2021\/05\/12\/lunda-norte-municipios-do-chitato-e-cuando-ganham-tribunais-de-comarca\/\"\n\t\t\t\t\t\tdata-qtmplayer-icon=\"file_download\"\n\t\t\t\t\t\tdata-qtmplayer-type=\"track\"\n\t\t\t class=\"qtmplayer-play qtmplayer-link-sec qtmplayer-play-btn\"><i class='material-icons'>play_arrow<\/i><\/span>\n\t\t<p>\n\t\t\t<span class=\"qtmplayer-tit\">Lunda-Norte: Munic\u00edpios do Chitato e Cuando ganham Tribunais de Comarca<\/span>\n\t\t\t<span class=\"qtmplayer-art\">RNA<\/span>\n\t\t<\/p>\n\t<\/li>\n\t\t<\/ul>\n\t<\/div>\t\t\t\n\t\n<p>Fonte: RNA<\/p>\n","protected":false},"excerpt":{"rendered":"<p>Os Munic\u00edpios do Chitato e do Cuango, na Prov\u00edncia da Lunda-Norte, ganham nesta quinta-feira, 13 de Maio, Tribunais de Comarca. As cerim\u00f3nias de inaugura\u00e7\u00e3o das duas Comarcas, ser\u00e3o presididas pelo Presidente do Tribunal Supremo, Joel Leonardo. A confirma\u00e7\u00e3o \u00e9 do porta-voz do Tribunal Supremo, Pedro Chilicuesse. Clique, no \u00e1udio abaixo, ...<\/p>\n","protected":false},"author":8,"featured_media":15538,"comment_status":"closed","ping_status":"closed","sticky":false,"template":"","format":"standard","meta":[],"categories":[142,121,163],"tags":[],"_links":{"self":[{"href":"https:\/\/rna.ao\/rna.ao\/wp-json\/wp\/v2\/posts\/23911"}],"collection":[{"href":"https:\/\/rna.ao\/rna.ao\/wp-json\/wp\/v2\/posts"}],"about":[{"href":"https:\/\/rna.ao\/rna.ao\/wp-json\/wp\/v2\/types\/post"}],"author":[{"embeddable":true,"href":"https:\/\/rna.ao\/rna.ao\/wp-json\/wp\/v2\/users\/8"}],"replies":[{"embeddable":true,"href":"https:\/\/rna.ao\/rna.ao\/wp-json\/wp\/v2\/comments?post=23911"}],"version-history":[{"count":2,"href":"https:\/\/rna.ao\/rna.ao\/wp-json\/wp\/v2\/posts\/23911\/revisions"}],"predecessor-version":[{"id":23937,"href":"https:\/\/rna.ao\/rna.ao\/wp-json\/wp\/v2\/posts\/23911\/revisions\/23937"}],"wp:featuredmedia":[{"embeddable":true,"href":"https:\/\/rna.ao\/rna.ao\/wp-json\/wp\/v2\/media\/15538"}],"wp:attachment":[{"href":"https:\/\/rna.ao\/rna.ao\/wp-json\/wp\/v2\/media?parent=23911"}],"wp:term":[{"taxonomy":"category","embeddable":true,"href":"https:\/\/rna.ao\/rna.ao\/wp-json\/wp\/v2\/categories?post=23911"},{"taxonomy":"post_tag","embeddable":true,"href":"https:\/\/rna.ao\/rna.ao\/wp-json\/wp\/v2\/tags?post=23911"}],"curies":[{"name":"wp","href":"https:\/\/api.w.org\/{rel}","templated":true}]}}