{"id":23907,"date":"2021-05-12T07:29:41","date_gmt":"2021-05-12T06:29:41","guid":{"rendered":"https:\/\/rna.ao\/rna.ao\/?p=23907"},"modified":"2021-05-12T07:29:41","modified_gmt":"2021-05-12T06:29:41","slug":"angola-regista-80-casos-de-violacao-sexual-a-menores-nos-ultimos-cinco-meses","status":"publish","type":"post","link":"https:\/\/rna.ao\/rna.ao\/2021\/05\/12\/angola-regista-80-casos-de-violacao-sexual-a-menores-nos-ultimos-cinco-meses\/","title":{"rendered":"Angola regista 80 casos de viola\u00e7\u00e3o sexual \u00e0 menores nos \u00faltimos cinco meses"},"content":{"rendered":"<p><img loading=\"lazy\" class=\"size-full wp-image-19272 alignleft\" src=\"https:\/\/rna.ao\/rna.ao\/wp-content\/uploads\/2021\/03\/Paulo-Kalesi-16-03.jpg\" alt=\"\" width=\"251\" height=\"196\" \/>Nos primeiros cinco meses, deste ano, o pa\u00eds registou oitenta casos de viola\u00e7\u00e3o sexual \u00e0 menores. O dado \u00e9 do Instituto Nacional da Crian\u00e7a (INAC), que ao ver esta tend\u00eancia fez soar o alerta para conter a subida de casos.<\/p>\n<p>A medida adotada \u00e9 lan\u00e7ar uma campanha de den\u00fancias de casos de viola\u00e7\u00e3o sexual aos menores. Clique, no \u00e1udio abaixo, e ou\u00e7a a jornalista Kina Santos com mais desenvolvimento:<\/p>\n\t<div class=\"qtmplayer-playlist-large\">\n\t\t<ul class=\"qtmplayer-playlist\">\n\t\t\t\n\t\t\t\t\t<li class=\"qtmplayer-trackitem\">\n\t\t<img src=\"https:\/\/rna.ao\/rna.ao\/wp-content\/uploads\/2021\/04\/abuso-sexual-de-menores-100x100.jpg\" alt=\"cover\">\t\t<span \t\t\tdata-qtmplayer-cover=\"https:\/\/rna.ao\/rna.ao\/wp-content\/uploads\/2021\/04\/abuso-sexual-de-menores.jpg\"\n\t\t\t\t\t\tdata-qtmplayer-file=\"https:\/\/rna.ao\/rna.ao\/wp-content\/uploads\/2021\/05\/KINA-SANTOS-7HRS.mp3\"\n\t\t\t\t\t\tdata-qtmplayer-title=\"Angola regista 80 casos de viola\u00e7\u00e3o sexual \u00e0 menores nos \u00faltimos cinco meses\"\n\t\t\t\t\t\tdata-qtmplayer-artist=\"RNA\"\n\t\t\t\t\t\tdata-qtmplayer-link=\"https:\/\/rna.ao\/rna.ao\/2021\/05\/12\/angola-regista-80-casos-de-violacao-sexual-a-menores-nos-ultimos-cinco-meses\/\"\n\t\t\t\t\t\tdata-qtmplayer-icon=\"file_download\"\n\t\t\t\t\t\tdata-qtmplayer-type=\"track\"\n\t\t\t class=\"qtmplayer-play qtmplayer-link-sec qtmplayer-play-btn\"><i class='material-icons'>play_arrow<\/i><\/span>\n\t\t<p>\n\t\t\t<span class=\"qtmplayer-tit\">Angola regista 80 casos de viola\u00e7\u00e3o sexual \u00e0 menores nos \u00faltimos cinco meses<\/span>\n\t\t\t<span class=\"qtmplayer-art\">RNA<\/span>\n\t\t<\/p>\n\t<\/li>\n\t\t<\/ul>\n\t<\/div>\t\t\t\n\t\n<p>Fonte: RNA<\/p>\n","protected":false},"excerpt":{"rendered":"<p>Nos primeiros cinco meses, deste ano, o pa\u00eds registou oitenta casos de viola\u00e7\u00e3o sexual \u00e0 menores. O dado \u00e9 do Instituto Nacional da Crian\u00e7a (INAC), que ao ver esta tend\u00eancia fez soar o alerta para conter a subida de casos. A medida adotada \u00e9 lan\u00e7ar uma campanha de den\u00fancias de ...<\/p>\n","protected":false},"author":8,"featured_media":21604,"comment_status":"closed","ping_status":"closed","sticky":false,"template":"","format":"standard","meta":[],"categories":[142,121,163],"tags":[],"_links":{"self":[{"href":"https:\/\/rna.ao\/rna.ao\/wp-json\/wp\/v2\/posts\/23907"}],"collection":[{"href":"https:\/\/rna.ao\/rna.ao\/wp-json\/wp\/v2\/posts"}],"about":[{"href":"https:\/\/rna.ao\/rna.ao\/wp-json\/wp\/v2\/types\/post"}],"author":[{"embeddable":true,"href":"https:\/\/rna.ao\/rna.ao\/wp-json\/wp\/v2\/users\/8"}],"replies":[{"embeddable":true,"href":"https:\/\/rna.ao\/rna.ao\/wp-json\/wp\/v2\/comments?post=23907"}],"version-history":[{"count":1,"href":"https:\/\/rna.ao\/rna.ao\/wp-json\/wp\/v2\/posts\/23907\/revisions"}],"predecessor-version":[{"id":23910,"href":"https:\/\/rna.ao\/rna.ao\/wp-json\/wp\/v2\/posts\/23907\/revisions\/23910"}],"wp:featuredmedia":[{"embeddable":true,"href":"https:\/\/rna.ao\/rna.ao\/wp-json\/wp\/v2\/media\/21604"}],"wp:attachment":[{"href":"https:\/\/rna.ao\/rna.ao\/wp-json\/wp\/v2\/media?parent=23907"}],"wp:term":[{"taxonomy":"category","embeddable":true,"href":"https:\/\/rna.ao\/rna.ao\/wp-json\/wp\/v2\/categories?post=23907"},{"taxonomy":"post_tag","embeddable":true,"href":"https:\/\/rna.ao\/rna.ao\/wp-json\/wp\/v2\/tags?post=23907"}],"curies":[{"name":"wp","href":"https:\/\/api.w.org\/{rel}","templated":true}]}}