{"id":23903,"date":"2021-05-12T07:14:23","date_gmt":"2021-05-12T06:14:23","guid":{"rendered":"https:\/\/rna.ao\/rna.ao\/?p=23903"},"modified":"2021-05-12T07:14:23","modified_gmt":"2021-05-12T06:14:23","slug":"ordem-dos-enfermeiros-denuncia-existencia-de-instituicoes-de-formacao-em-saude-com-qualidade-duvidosa-no-pais","status":"publish","type":"post","link":"https:\/\/rna.ao\/rna.ao\/2021\/05\/12\/ordem-dos-enfermeiros-denuncia-existencia-de-instituicoes-de-formacao-em-saude-com-qualidade-duvidosa-no-pais\/","title":{"rendered":"Ordem dos Enfermeiros denuncia exist\u00eancia de institui\u00e7\u00f5es de forma\u00e7\u00e3o em sa\u00fade com qualidade duvidosa no pa\u00eds"},"content":{"rendered":"<p><img loading=\"lazy\" class=\"size-full wp-image-23905 alignleft\" src=\"https:\/\/rna.ao\/rna.ao\/wp-content\/uploads\/2021\/05\/Paulo-Luvualo.jpg\" alt=\"\" width=\"275\" height=\"183\" \/>A Prov\u00edncia de Benguela acolhe esta quarta-feira, 12 de Maio, o acto central em alus\u00e3o ao Dia Internacional do Enfermeiro. O Baston\u00e1rio da Ordem dos Enfermeiros de Angola, Paulo Luvualo, denuncia a exist\u00eancia, no pa\u00eds, de institui\u00e7\u00f5es de forma\u00e7\u00e3o em sa\u00fade, com qualidade duvidosa. Clique, no \u00e1udio abaixo, e ou\u00e7a mais detalhes na reportagem do Nelson Pedro:<\/p>\n\t<div class=\"qtmplayer-playlist-large\">\n\t\t<ul class=\"qtmplayer-playlist\">\n\t\t\t\n\t\t\t\t\t<li class=\"qtmplayer-trackitem\">\n\t\t<img src=\"https:\/\/rna.ao\/rna.ao\/wp-content\/uploads\/2021\/05\/Paulo-Luvualo-100x100.jpg\" alt=\"cover\">\t\t<span \t\t\tdata-qtmplayer-cover=\"https:\/\/rna.ao\/rna.ao\/wp-content\/uploads\/2021\/05\/Paulo-Luvualo.jpg\"\n\t\t\t\t\t\tdata-qtmplayer-file=\"https:\/\/rna.ao\/rna.ao\/wp-content\/uploads\/2021\/05\/NELSON-PEDRO-DIA-DO-ENFERMEIRO-7HRS.mp3\"\n\t\t\t\t\t\tdata-qtmplayer-title=\"Ordem dos Enfermeiros denuncia exist\u00eancia de institui\u00e7\u00f5es de forma\u00e7\u00e3o em sa\u00fade com qualidade duvidosa no pa\u00eds\"\n\t\t\t\t\t\tdata-qtmplayer-artist=\"RNA\"\n\t\t\t\t\t\tdata-qtmplayer-link=\"https:\/\/rna.ao\/rna.ao\/2021\/05\/12\/ordem-dos-enfermeiros-denuncia-existencia-de-instituicoes-de-formacao-em-saude-com-qualidade-duvidosa-no-pais\/\"\n\t\t\t\t\t\tdata-qtmplayer-icon=\"file_download\"\n\t\t\t\t\t\tdata-qtmplayer-type=\"track\"\n\t\t\t class=\"qtmplayer-play qtmplayer-link-sec qtmplayer-play-btn\"><i class='material-icons'>play_arrow<\/i><\/span>\n\t\t<p>\n\t\t\t<span class=\"qtmplayer-tit\">Ordem dos Enfermeiros denuncia exist\u00eancia de institui\u00e7\u00f5es de forma\u00e7\u00e3o em sa\u00fade com qualidade duvidosa no pa\u00eds<\/span>\n\t\t\t<span class=\"qtmplayer-art\">RNA<\/span>\n\t\t<\/p>\n\t<\/li>\n\t\t<\/ul>\n\t<\/div>\t\t\t\n\t\n<p>Fonte: RNA<\/p>\n","protected":false},"excerpt":{"rendered":"<p>A Prov\u00edncia de Benguela acolhe esta quarta-feira, 12 de Maio, o acto central em alus\u00e3o ao Dia Internacional do Enfermeiro. O Baston\u00e1rio da Ordem dos Enfermeiros de Angola, Paulo Luvualo, denuncia a exist\u00eancia, no pa\u00eds, de institui\u00e7\u00f5es de forma\u00e7\u00e3o em sa\u00fade, com qualidade duvidosa. Clique, no \u00e1udio abaixo, e ou\u00e7a ...<\/p>\n","protected":false},"author":8,"featured_media":23905,"comment_status":"closed","ping_status":"closed","sticky":false,"template":"","format":"standard","meta":[],"categories":[142,121,164,163],"tags":[],"_links":{"self":[{"href":"https:\/\/rna.ao\/rna.ao\/wp-json\/wp\/v2\/posts\/23903"}],"collection":[{"href":"https:\/\/rna.ao\/rna.ao\/wp-json\/wp\/v2\/posts"}],"about":[{"href":"https:\/\/rna.ao\/rna.ao\/wp-json\/wp\/v2\/types\/post"}],"author":[{"embeddable":true,"href":"https:\/\/rna.ao\/rna.ao\/wp-json\/wp\/v2\/users\/8"}],"replies":[{"embeddable":true,"href":"https:\/\/rna.ao\/rna.ao\/wp-json\/wp\/v2\/comments?post=23903"}],"version-history":[{"count":1,"href":"https:\/\/rna.ao\/rna.ao\/wp-json\/wp\/v2\/posts\/23903\/revisions"}],"predecessor-version":[{"id":23906,"href":"https:\/\/rna.ao\/rna.ao\/wp-json\/wp\/v2\/posts\/23903\/revisions\/23906"}],"wp:featuredmedia":[{"embeddable":true,"href":"https:\/\/rna.ao\/rna.ao\/wp-json\/wp\/v2\/media\/23905"}],"wp:attachment":[{"href":"https:\/\/rna.ao\/rna.ao\/wp-json\/wp\/v2\/media?parent=23903"}],"wp:term":[{"taxonomy":"category","embeddable":true,"href":"https:\/\/rna.ao\/rna.ao\/wp-json\/wp\/v2\/categories?post=23903"},{"taxonomy":"post_tag","embeddable":true,"href":"https:\/\/rna.ao\/rna.ao\/wp-json\/wp\/v2\/tags?post=23903"}],"curies":[{"name":"wp","href":"https:\/\/api.w.org\/{rel}","templated":true}]}}