{"id":23873,"date":"2021-05-11T13:59:41","date_gmt":"2021-05-11T12:59:41","guid":{"rendered":"https:\/\/rna.ao\/rna.ao\/?p=23873"},"modified":"2021-05-11T13:59:41","modified_gmt":"2021-05-11T12:59:41","slug":"centralidade-do-zango-5-esta-ha-cinco-dias-privada-de-agua","status":"publish","type":"post","link":"https:\/\/rna.ao\/rna.ao\/2021\/05\/11\/centralidade-do-zango-5-esta-ha-cinco-dias-privada-de-agua\/","title":{"rendered":"Centralidade do Zango 5 est\u00e1 h\u00e1 cinco dias privada de \u00e1gua"},"content":{"rendered":"<p><img loading=\"lazy\" class=\"size-full wp-image-23880 alignleft\" src=\"https:\/\/rna.ao\/rna.ao\/wp-content\/uploads\/2021\/05\/Centralidade-do-Zango-5.jpg\" alt=\"\" width=\"275\" height=\"183\" \/>A Centralidade do Zango 5 est\u00e1 privada de \u00e1gua pot\u00e1vel h\u00e1 cinco dias. Os moradores mostram-se agastados, com a situa\u00e7\u00e3o, e pedem uma solu\u00e7\u00e3o urgente. Entretanto, a direc\u00e7\u00e3o da Empresa P\u00fablica de \u00c1guas de Luanda (EPAL) apela calma, e diz que tudo faz para ser ultrapassada a situa\u00e7\u00e3o. Ou\u00e7a, no \u00e1udio abaixo, mais informa\u00e7\u00f5es com o rep\u00f3rter Polaco Pedro:<\/p>\n\t<div class=\"qtmplayer-playlist-large\">\n\t\t<ul class=\"qtmplayer-playlist\">\n\t\t\t\n\t\t\t\t\t<li class=\"qtmplayer-trackitem\">\n\t\t<img src=\"https:\/\/rna.ao\/rna.ao\/wp-content\/uploads\/2021\/05\/Centralidade-do-Zango-5-100x100.jpg\" alt=\"cover\">\t\t<span \t\t\tdata-qtmplayer-cover=\"https:\/\/rna.ao\/rna.ao\/wp-content\/uploads\/2021\/05\/Centralidade-do-Zango-5.jpg\"\n\t\t\t\t\t\tdata-qtmplayer-file=\"https:\/\/rna.ao\/rna.ao\/wp-content\/uploads\/2021\/05\/POLACO-PEDRO-CENTRALIDADE-SEM-AGUA-13-HRS.mp3\"\n\t\t\t\t\t\tdata-qtmplayer-title=\"Centralidade do Zango 5 est\u00e1 h\u00e1 cinco dias privada de \u00e1gua\"\n\t\t\t\t\t\tdata-qtmplayer-artist=\"RNA\"\n\t\t\t\t\t\tdata-qtmplayer-link=\"https:\/\/rna.ao\/rna.ao\/2021\/05\/11\/centralidade-do-zango-5-esta-ha-cinco-dias-privada-de-agua\/\"\n\t\t\t\t\t\tdata-qtmplayer-icon=\"file_download\"\n\t\t\t\t\t\tdata-qtmplayer-type=\"track\"\n\t\t\t class=\"qtmplayer-play qtmplayer-link-sec qtmplayer-play-btn\"><i class='material-icons'>play_arrow<\/i><\/span>\n\t\t<p>\n\t\t\t<span class=\"qtmplayer-tit\">Centralidade do Zango 5 est\u00e1 h\u00e1 cinco dias privada de \u00e1gua<\/span>\n\t\t\t<span class=\"qtmplayer-art\">RNA<\/span>\n\t\t<\/p>\n\t<\/li>\n\t\t<\/ul>\n\t<\/div>\t\t\t\n\t\n<p>Fonte: RNA<\/p>\n","protected":false},"excerpt":{"rendered":"<p>A Centralidade do Zango 5 est\u00e1 privada de \u00e1gua pot\u00e1vel h\u00e1 cinco dias. Os moradores mostram-se agastados, com a situa\u00e7\u00e3o, e pedem uma solu\u00e7\u00e3o urgente. Entretanto, a direc\u00e7\u00e3o da Empresa P\u00fablica de \u00c1guas de Luanda (EPAL) apela calma, e diz que tudo faz para ser ultrapassada a situa\u00e7\u00e3o. Ou\u00e7a, no ...<\/p>\n","protected":false},"author":8,"featured_media":23880,"comment_status":"closed","ping_status":"closed","sticky":false,"template":"","format":"standard","meta":[],"categories":[141,133,163],"tags":[],"_links":{"self":[{"href":"https:\/\/rna.ao\/rna.ao\/wp-json\/wp\/v2\/posts\/23873"}],"collection":[{"href":"https:\/\/rna.ao\/rna.ao\/wp-json\/wp\/v2\/posts"}],"about":[{"href":"https:\/\/rna.ao\/rna.ao\/wp-json\/wp\/v2\/types\/post"}],"author":[{"embeddable":true,"href":"https:\/\/rna.ao\/rna.ao\/wp-json\/wp\/v2\/users\/8"}],"replies":[{"embeddable":true,"href":"https:\/\/rna.ao\/rna.ao\/wp-json\/wp\/v2\/comments?post=23873"}],"version-history":[{"count":1,"href":"https:\/\/rna.ao\/rna.ao\/wp-json\/wp\/v2\/posts\/23873\/revisions"}],"predecessor-version":[{"id":23881,"href":"https:\/\/rna.ao\/rna.ao\/wp-json\/wp\/v2\/posts\/23873\/revisions\/23881"}],"wp:featuredmedia":[{"embeddable":true,"href":"https:\/\/rna.ao\/rna.ao\/wp-json\/wp\/v2\/media\/23880"}],"wp:attachment":[{"href":"https:\/\/rna.ao\/rna.ao\/wp-json\/wp\/v2\/media?parent=23873"}],"wp:term":[{"taxonomy":"category","embeddable":true,"href":"https:\/\/rna.ao\/rna.ao\/wp-json\/wp\/v2\/categories?post=23873"},{"taxonomy":"post_tag","embeddable":true,"href":"https:\/\/rna.ao\/rna.ao\/wp-json\/wp\/v2\/tags?post=23873"}],"curies":[{"name":"wp","href":"https:\/\/api.w.org\/{rel}","templated":true}]}}