{"id":23848,"date":"2021-05-11T13:17:39","date_gmt":"2021-05-11T12:17:39","guid":{"rendered":"https:\/\/rna.ao\/rna.ao\/?p=23848"},"modified":"2021-05-11T13:17:39","modified_gmt":"2021-05-11T12:17:39","slug":"governo-de-luanda-assume-controlo-de-quatro-infraestruturas-de-gestao-territorial-e-urbana-que-estavam-sob-tutela-de-orgaos-centrais","status":"publish","type":"post","link":"https:\/\/rna.ao\/rna.ao\/2021\/05\/11\/governo-de-luanda-assume-controlo-de-quatro-infraestruturas-de-gestao-territorial-e-urbana-que-estavam-sob-tutela-de-orgaos-centrais\/","title":{"rendered":"Governo de Luanda assume controlo de quatro infraestruturas de gest\u00e3o territorial e urbana que estavam sob tutela de \u00f3rg\u00e3os centrais"},"content":{"rendered":"<p><img loading=\"lazy\" class=\"wp-image-23851 alignleft\" src=\"https:\/\/rna.ao\/rna.ao\/wp-content\/uploads\/2021\/05\/cfaabb8516419b6306a32ebddb690906_XL-770x513.jpg\" alt=\"\" width=\"287\" height=\"191\" srcset=\"https:\/\/rna.ao\/rna.ao\/wp-content\/uploads\/2021\/05\/cfaabb8516419b6306a32ebddb690906_XL-770x513.jpg 770w, https:\/\/rna.ao\/rna.ao\/wp-content\/uploads\/2021\/05\/cfaabb8516419b6306a32ebddb690906_XL-768x512.jpg 768w, https:\/\/rna.ao\/rna.ao\/wp-content\/uploads\/2021\/05\/cfaabb8516419b6306a32ebddb690906_XL.jpg 918w\" sizes=\"(max-width: 287px) 100vw, 287px\" \/>O governo de Luanda \u00e9 agora o principal gestor dos gabinetes t\u00e9cnicos de Reconstru\u00e7\u00e3o do Cazenga, de aproveitamento do Per\u00edmetro Hidr\u00e1ulico do Kicuxi bem como o de Requalifica\u00e7\u00e3o das Cidades do Kilamba, Cacuaco e Camama. o executivo procedeu hoje a transfer\u00eancia de atribui\u00e7\u00f5es e compet\u00eancias\u00a0 ao governo de Joana Lina. Clique, no \u00e1udio abaixo, e ou\u00e7a com mais desenvolvimento na reportagem do Daniel Marques:<\/p>\n\t<div class=\"qtmplayer-playlist-large\">\n\t\t<ul class=\"qtmplayer-playlist\">\n\t\t\t\n\t\t\t\t\t<li class=\"qtmplayer-trackitem\">\n\t\t<img src=\"https:\/\/rna.ao\/rna.ao\/wp-content\/uploads\/2021\/05\/unnamed-100x100.jpg\" alt=\"cover\">\t\t<span \t\t\tdata-qtmplayer-cover=\"https:\/\/rna.ao\/rna.ao\/wp-content\/uploads\/2021\/05\/unnamed.jpg\"\n\t\t\t\t\t\tdata-qtmplayer-file=\"https:\/\/rna.ao\/rna.ao\/wp-content\/uploads\/2021\/05\/ADRIANO-BELMIRO-NOVOS-CURSOS-DE-MESTRADO-13HRS.mp3\"\n\t\t\t\t\t\tdata-qtmplayer-title=\"Governo de Luanda assume controlo de quatro infraestruturas de gest\u00e3o territorial e urbana que estavam sob tutela de \u00f3rg\u00e3os centrais\"\n\t\t\t\t\t\tdata-qtmplayer-artist=\"RNA\"\n\t\t\t\t\t\tdata-qtmplayer-link=\"https:\/\/rna.ao\/rna.ao\/2021\/05\/11\/governo-de-luanda-assume-controlo-de-quatro-infraestruturas-de-gestao-territorial-e-urbana-que-estavam-sob-tutela-de-orgaos-centrais\/\"\n\t\t\t\t\t\tdata-qtmplayer-icon=\"file_download\"\n\t\t\t\t\t\tdata-qtmplayer-type=\"track\"\n\t\t\t class=\"qtmplayer-play qtmplayer-link-sec qtmplayer-play-btn\"><i class='material-icons'>play_arrow<\/i><\/span>\n\t\t<p>\n\t\t\t<span class=\"qtmplayer-tit\">Governo de Luanda assume controlo de quatro infraestruturas de gest\u00e3o territorial e urbana que estavam sob tutela de \u00f3rg\u00e3os centrais<\/span>\n\t\t\t<span class=\"qtmplayer-art\">RNA<\/span>\n\t\t<\/p>\n\t<\/li>\n\t\t<\/ul>\n\t<\/div>\t\t\t\n\t\n<p>&nbsp;<\/p>\n","protected":false},"excerpt":{"rendered":"<p>O governo de Luanda \u00e9 agora o principal gestor dos gabinetes t\u00e9cnicos de Reconstru\u00e7\u00e3o do Cazenga, de aproveitamento do Per\u00edmetro Hidr\u00e1ulico do Kicuxi bem como o de Requalifica\u00e7\u00e3o das Cidades do Kilamba, Cacuaco e Camama. o executivo procedeu hoje a transfer\u00eancia de atribui\u00e7\u00f5es e compet\u00eancias\u00a0 ao governo de Joana Lina. ...<\/p>\n","protected":false},"author":8,"featured_media":23852,"comment_status":"closed","ping_status":"closed","sticky":false,"template":"","format":"standard","meta":[],"categories":[121,163],"tags":[],"_links":{"self":[{"href":"https:\/\/rna.ao\/rna.ao\/wp-json\/wp\/v2\/posts\/23848"}],"collection":[{"href":"https:\/\/rna.ao\/rna.ao\/wp-json\/wp\/v2\/posts"}],"about":[{"href":"https:\/\/rna.ao\/rna.ao\/wp-json\/wp\/v2\/types\/post"}],"author":[{"embeddable":true,"href":"https:\/\/rna.ao\/rna.ao\/wp-json\/wp\/v2\/users\/8"}],"replies":[{"embeddable":true,"href":"https:\/\/rna.ao\/rna.ao\/wp-json\/wp\/v2\/comments?post=23848"}],"version-history":[{"count":1,"href":"https:\/\/rna.ao\/rna.ao\/wp-json\/wp\/v2\/posts\/23848\/revisions"}],"predecessor-version":[{"id":23856,"href":"https:\/\/rna.ao\/rna.ao\/wp-json\/wp\/v2\/posts\/23848\/revisions\/23856"}],"wp:featuredmedia":[{"embeddable":true,"href":"https:\/\/rna.ao\/rna.ao\/wp-json\/wp\/v2\/media\/23852"}],"wp:attachment":[{"href":"https:\/\/rna.ao\/rna.ao\/wp-json\/wp\/v2\/media?parent=23848"}],"wp:term":[{"taxonomy":"category","embeddable":true,"href":"https:\/\/rna.ao\/rna.ao\/wp-json\/wp\/v2\/categories?post=23848"},{"taxonomy":"post_tag","embeddable":true,"href":"https:\/\/rna.ao\/rna.ao\/wp-json\/wp\/v2\/tags?post=23848"}],"curies":[{"name":"wp","href":"https:\/\/api.w.org\/{rel}","templated":true}]}}