{"id":23649,"date":"2021-05-10T08:36:00","date_gmt":"2021-05-10T07:36:00","guid":{"rendered":"https:\/\/rna.ao\/rna.ao\/?p=23649"},"modified":"2021-05-10T08:36:00","modified_gmt":"2021-05-10T07:36:00","slug":"restabelecida-circulacao-na-estrada-nacional-230-que-liga-luanda-dondo-com-uma-ponte-provisoria","status":"publish","type":"post","link":"https:\/\/rna.ao\/rna.ao\/2021\/05\/10\/restabelecida-circulacao-na-estrada-nacional-230-que-liga-luanda-dondo-com-uma-ponte-provisoria\/","title":{"rendered":"Restabelecida circula\u00e7\u00e3o na Estrada Nacional 230 que liga Luanda\/Dondo com uma ponte provis\u00f3ria"},"content":{"rendered":"<p><img loading=\"lazy\" class=\"size-full wp-image-23679 alignleft\" src=\"https:\/\/rna.ao\/rna.ao\/wp-content\/uploads\/2021\/05\/Adriano-Mendes-de-carvalho.jpg\" alt=\"\" width=\"308\" height=\"173\" \/>Pessoas e bens j\u00e1 podem circular na ponte do Rio Capakala, que desabou na passada sexta-feira (07), na cidade do Dondo, Prov\u00edncia do Cuanza-Norte. O Governo da Prov\u00edncia garante ser uma reabertura provis\u00f3ria, devido os trabalhos que ser\u00e3o feitos no local. Clique, no \u00e1udio abaixo, e ou\u00e7a os detalhes com o rep\u00f3rter Natal dos Santos:<\/p>\n\t<div class=\"qtmplayer-playlist-large\">\n\t\t<ul class=\"qtmplayer-playlist\">\n\t\t\t\n\t\t\t\t\t<li class=\"qtmplayer-trackitem\">\n\t\t<img src=\"https:\/\/rna.ao\/rna.ao\/wp-content\/uploads\/2021\/05\/Adriano-Mendes-de-carvalho-100x100.jpg\" alt=\"cover\">\t\t<span \t\t\tdata-qtmplayer-cover=\"https:\/\/rna.ao\/rna.ao\/wp-content\/uploads\/2021\/05\/Adriano-Mendes-de-carvalho.jpg\"\n\t\t\t\t\t\tdata-qtmplayer-file=\"https:\/\/rna.ao\/rna.ao\/wp-content\/uploads\/2021\/05\/KUANZA-NORTE-PONTO-7HRS.mp3\"\n\t\t\t\t\t\tdata-qtmplayer-title=\"Restabelecida circula\u00e7\u00e3o na Estrada Nacional 230 que liga Luanda\/Dondo com uma ponte provis\u00f3ria\"\n\t\t\t\t\t\tdata-qtmplayer-artist=\"RNA\"\n\t\t\t\t\t\tdata-qtmplayer-link=\"https:\/\/rna.ao\/rna.ao\/2021\/05\/10\/restabelecida-circulacao-na-estrada-nacional-230-que-liga-luanda-dondo-com-uma-ponte-provisoria\/\"\n\t\t\t\t\t\tdata-qtmplayer-icon=\"file_download\"\n\t\t\t\t\t\tdata-qtmplayer-type=\"track\"\n\t\t\t class=\"qtmplayer-play qtmplayer-link-sec qtmplayer-play-btn\"><i class='material-icons'>play_arrow<\/i><\/span>\n\t\t<p>\n\t\t\t<span class=\"qtmplayer-tit\">Restabelecida circula\u00e7\u00e3o na Estrada Nacional 230 que liga Luanda\/Dondo com uma ponte provis\u00f3ria<\/span>\n\t\t\t<span class=\"qtmplayer-art\">RNA<\/span>\n\t\t<\/p>\n\t<\/li>\n\t\t<\/ul>\n\t<\/div>\t\t\t\n\t\n<p>Fonte: RNA<\/p>\n","protected":false},"excerpt":{"rendered":"<p>Pessoas e bens j\u00e1 podem circular na ponte do Rio Capakala, que desabou na passada sexta-feira (07), na cidade do Dondo, Prov\u00edncia do Cuanza-Norte. O Governo da Prov\u00edncia garante ser uma reabertura provis\u00f3ria, devido os trabalhos que ser\u00e3o feitos no local. Clique, no \u00e1udio abaixo, e ou\u00e7a os detalhes com ...<\/p>\n","protected":false},"author":8,"featured_media":23679,"comment_status":"closed","ping_status":"closed","sticky":false,"template":"","format":"standard","meta":[],"categories":[142,121,163],"tags":[],"_links":{"self":[{"href":"https:\/\/rna.ao\/rna.ao\/wp-json\/wp\/v2\/posts\/23649"}],"collection":[{"href":"https:\/\/rna.ao\/rna.ao\/wp-json\/wp\/v2\/posts"}],"about":[{"href":"https:\/\/rna.ao\/rna.ao\/wp-json\/wp\/v2\/types\/post"}],"author":[{"embeddable":true,"href":"https:\/\/rna.ao\/rna.ao\/wp-json\/wp\/v2\/users\/8"}],"replies":[{"embeddable":true,"href":"https:\/\/rna.ao\/rna.ao\/wp-json\/wp\/v2\/comments?post=23649"}],"version-history":[{"count":1,"href":"https:\/\/rna.ao\/rna.ao\/wp-json\/wp\/v2\/posts\/23649\/revisions"}],"predecessor-version":[{"id":23680,"href":"https:\/\/rna.ao\/rna.ao\/wp-json\/wp\/v2\/posts\/23649\/revisions\/23680"}],"wp:featuredmedia":[{"embeddable":true,"href":"https:\/\/rna.ao\/rna.ao\/wp-json\/wp\/v2\/media\/23679"}],"wp:attachment":[{"href":"https:\/\/rna.ao\/rna.ao\/wp-json\/wp\/v2\/media?parent=23649"}],"wp:term":[{"taxonomy":"category","embeddable":true,"href":"https:\/\/rna.ao\/rna.ao\/wp-json\/wp\/v2\/categories?post=23649"},{"taxonomy":"post_tag","embeddable":true,"href":"https:\/\/rna.ao\/rna.ao\/wp-json\/wp\/v2\/tags?post=23649"}],"curies":[{"name":"wp","href":"https:\/\/api.w.org\/{rel}","templated":true}]}}